{"id":2169,"date":"2025-06-10T13:00:05","date_gmt":"2025-06-10T13:00:05","guid":{"rendered":"https:\/\/www.donizettiopera.org\/?p=2169"},"modified":"2025-07-14T20:59:53","modified_gmt":"2025-07-14T20:59:53","slug":"festa-della-musica-2025-il-donizetti-opera-incontra-il-coro-pop-up-hardcoro","status":"publish","type":"post","link":"https:\/\/www.donizettiopera.org\/it\/festa-della-musica-2025-il-donizetti-opera-incontra-il-coro-pop-up-hardcoro\/","title":{"rendered":"FESTA DELLA MUSICA 2025: IL DONIZETTI OPERA INCONTRA IL CORO POP-UP HARDCORO"},"content":{"rendered":"<div class=\"post-content\">\n<p><strong>La sera del 21 giugno la platea del Teatro Donizetti si trasformer\u00e0 in palcoscenico per accogliere il pubblico impegnato nella performance corale di un brano pop con echi donizettiani<\/strong><\/p>\n<p><strong>Sar\u00e0 inoltre possibile visitare gratuitamente il Teatro Donizetti e assaggiare il nuovo cocktail\u00a0<em>Furioso Gaetano\u00a0<\/em>creato da Tassino Eventi dedicato al festival donizettiano<\/strong><\/p>\n<p><strong>Solo per l\u2019intera giornata della Festa della Musica, in occasione dell\u2019apertura della vendita dei biglietti del Donizetti Opera 2025, sar\u00e0 possibile acquistare ogni ordine di posto del festival a prezzo speciale, con una riduzione maggiore per coloro che parteciperanno all\u2019esperienza\u00a0<em>Donizetti Opera feat. HardCoro<\/em><\/strong><\/p>\n<p><strong>Bergamo, Teatro Donizetti, sabato 21 giugno 2025<\/strong><\/p>\n<p>&nbsp;<\/p>\n<p>Un\u2019esperienza corale unica nella sala grande, visite guidate gratuite del Teatro Donizetti, il nuovo cocktail dedicato al Donizetti Opera e promozioni speciali per assicurarsi fin da subito i biglietti del festival 2025: sono tutte le iniziative che la Fondazione Teatro Donizetti mette in campo per celebrare il prossimo<strong>\u00a021 giugno la Festa della Musica<\/strong>, aprendo le porte del teatro alla citt\u00e0 e coinvolgendo tutti e tutte in una grande novit\u00e0 per Bergamo.<\/p>\n<p>Si parte la sera\u00a0<strong>alle 19.00\u00a0<\/strong>con\u00a0<strong><em>Ti presento il Donizetti<\/em><\/strong>, la\u00a0<strong>visita guidata<\/strong>\u00a0alla scoperta del Teatro a cura di Clelia Epis. La storia del monumento, le curiosit\u00e0, i capolavori delle sale storiche e la meraviglia della sala teatrale saranno svelati al pubblico, che pu\u00f2\u00a0<strong>prenotare gratuitamente<\/strong>\u00a0la propria visita a scelta tra due turni, il primo alle 19 e il secondo alle 19.45, tramite la piattaforma Eventbrite:<br \/>\n<a href=\"https:\/\/www.eventbrite.it\/e\/ti-presento-il-donizetti-tickets-1402463137999?aff=oddtdtcreator\" target=\"_blank\" rel=\"noopener\">www.eventbrite.it\/e\/ti-presento-il-donizetti-tickets-1402463137999?aff=oddtdtcreator<\/a><\/p>\n<p><strong>Dalle ore 19.30 alle 23.00<\/strong>\u00a0sar\u00e0 aperto il\u00a0<strong>Bar del Ridotto Gavazzeni<\/strong>\u00a0e si potr\u00e0 degustare per la prima volta\u00a0<strong><em>Furioso Gaetano<\/em><\/strong>,<strong>\u00a0il nuovo cocktail analcolico dedicato al Donizetti Opera 2025<\/strong>, ideato da Tassino Eventi: il blend prevede bitter analcolico, conviv rosso e soda al pompelmo rosa, che daranno un gusto intenso e profumato, con una colorazione ispirata ai velluti del sipario e del teatro.<\/p>\n<p>Ma la grande attesa \u00e8 per l\u2019arrivo a Bergamo, nel segno di Donizetti, di una delle realt\u00e0 pi\u00f9 sorprendenti degli ultimi anni, alla quale basta un luogo, una data, un brano pop e tanta gente che abbia voglia di cantare per creare un\u2019esperienza davvero unica. Si parla di\u00a0<strong>HardCoro<\/strong>, format pop-up parte di un movimento mondiale di\u00a0<em>pub choirs<\/em>\u00a0che sta spopolando a Milano e che riunisce gli amanti della musica, facendo vivere loro l\u2019esperienza di sentirsi parte di un coro e protagonisti della serata. Guidato dal musicista\u00a0<strong>Michele Acocella<\/strong>, il coro amatoriale ed estemporaneo impara in pochi passi la struttura di un brano, si armonizzano le voci e, nell\u2019arco di un paio d\u2019ore, si esegue l\u2019intera canzone a pi\u00f9 voci con estrema soddisfazione e divertimento dei partecipanti. E nei giorni successivi il video, girato dal filmmaker\u00a0<strong>Alvise Tedesco<\/strong>, permette di rivivere la performance sui social.<\/p>\n<p>Al Teatro Donizetti il 21 giugno si alzer\u00e0 l\u2019asticella: il pubblico potr\u00e0 entrare in sala dalle ore 20.30 e\u00a0<strong>alle 21.00 sar\u00e0 rivelato il brano pop che si intreccer\u00e0 ad alcune celebri partiture del catalogo di Donizetti<\/strong>, svelando cos\u00ec l\u2019anima pi\u00f9 popolare delle opere del compositore bergamasco, grazie alla consulenza musicale di\u00a0<strong>Alberto Zanardi<\/strong>, direttore d\u2019orchestra che da anni collabora con il festival e sul cui podio \u00e8 salito pi\u00f9 di una volta. Sar\u00e0 un modo per apprezzare e scoprire quanto di immediato e moderno c\u2019\u00e8 nella musica di Donizetti e come l\u2019opera e le sue arie siano la matrice di tutta la musica occidentale. L\u2019anima pop, che rompe le barriere tra generi, da Rihanna a David Bowie, dai Depeche Mode a Madonna, garantir\u00e0 la freschezza del format HardCoro nell\u2019incontro con le celebri partiture donizettiane, per omaggiare il nostro Gaetano nella Festa della Musica.<\/p>\n<p>Per partecipare non serve aver studiato canto o superare audizioni, e non c\u2019\u00e8 nemmeno ansia da prestazione, dato che non c\u2019\u00e8 un pubblico che stia a guardare, ma chi si presenta a teatro canta, guidato dal maestro del coro e dai testi forniti. Per essere parte di questa esperienza basta acquistare\u00a0<strong>il biglietto al costo di 5 euro<\/strong>\u00a0presso la Biglietteria del Teatro Donizetti di Bergamo o su Vivaticket:<br \/>\n<a href=\"https:\/\/teatrodonizetti.vivaticket.it\/it\/event\/donizetti-opera-feat-hardcoro\/269813\" target=\"_blank\" rel=\"noopener\">teatrodonizetti.vivaticket.it\/it\/event\/donizetti-opera-feat-hardcoro\/269813<\/a><\/p>\n<p>La serata \u00e8 organizzata in collaborazione con Associazione Borgo Tasso Pignolo \u2013 Rete di Quartiere Centro Pignolo.<\/p>\n<p>Ma non finisce qui.\u00a0<strong>Il 21 giugno si aprir\u00e0 la vendita dei biglietti<\/strong>\u00a0<strong>per gli spettacoli del Donizetti Opera 2025<\/strong>\u00a0e, in occasione della giornata di festa, dalla mezzanotte fino alle 23.59 del sabato sar\u00e0 possibile acquistare gli ingressi per assistere alle opere del festival\u00a0<em>Caterina Cornaro<\/em>,\u00a0<em>Il furioso nell\u2019isola di S. Domingo<\/em>\u00a0e\u00a0<em>Il campanello \/ Deux hommes et une femme\u00a0<\/em>con una speciale riduzione del 20% sul prezzo intero, valida per tutte le recite e in ogni ordine di posto. E per coloro che parteciperanno all\u2019esperienza\u00a0<em>Donizetti Opera feat. HardCoro<\/em>\u00a0la promozione sar\u00e0 ancora pi\u00f9 conveniente (pari al 45% di sconto sul prezzo intero) e durer\u00e0 eccezionalmente fino a domenica 22 giugno.<\/p>\n<\/div>\n<div class=\"fusion-sharing-box fusion-theme-sharing-box fusion-single-sharing-box\"><\/div>\n","protected":false},"excerpt":{"rendered":"<p>La sera del 21 giugno la platea del Teatro Donizetti  [&#8230;]<\/p>\n","protected":false},"author":1,"featured_media":4167,"comment_status":"closed","ping_status":"open","sticky":false,"template":"","format":"standard","meta":{"footnotes":""},"categories":[37],"tags":[],"class_list":["post-2169","post","type-post","status-publish","format-standard","has-post-thumbnail","hentry","category-news"],"yoast_head":"<!-- This site is optimized with the Yoast SEO plugin v26.9 - https:\/\/yoast.com\/product\/yoast-seo-wordpress\/ -->\n<title>FESTA DELLA MUSICA 2025: IL DONIZETTI OPERA INCONTRA IL CORO POP-UP HARDCORO - Donizetti Opera Festival<\/title>\n<meta name=\"robots\" content=\"index, follow, max-snippet:-1, max-image-preview:large, max-video-preview:-1\" \/>\n<link rel=\"canonical\" href=\"https:\/\/www.donizettiopera.org\/it\/festa-della-musica-2025-il-donizetti-opera-incontra-il-coro-pop-up-hardcoro\/\" \/>\n<meta property=\"og:locale\" content=\"it_IT\" \/>\n<meta property=\"og:type\" content=\"article\" \/>\n<meta property=\"og:title\" content=\"FESTA DELLA MUSICA 2025: IL DONIZETTI OPERA INCONTRA IL CORO POP-UP HARDCORO - Donizetti Opera Festival\" \/>\n<meta property=\"og:description\" content=\"La sera del 21 giugno la platea del Teatro Donizetti [...]\" \/>\n<meta property=\"og:url\" content=\"https:\/\/www.donizettiopera.org\/it\/festa-della-musica-2025-il-donizetti-opera-incontra-il-coro-pop-up-hardcoro\/\" \/>\n<meta property=\"og:site_name\" content=\"Donizetti Opera Festival\" \/>\n<meta property=\"article:published_time\" content=\"2025-06-10T13:00:05+00:00\" \/>\n<meta property=\"article:modified_time\" content=\"2025-07-14T20:59:53+00:00\" \/>\n<meta property=\"og:image\" content=\"https:\/\/www.donizettiopera.org\/wp-content\/uploads\/2025\/06\/HardCoro_Vivaticket1.jpg\" \/>\n\t<meta property=\"og:image:width\" content=\"1080\" \/>\n\t<meta property=\"og:image:height\" content=\"720\" \/>\n\t<meta property=\"og:image:type\" content=\"image\/jpeg\" \/>\n<meta name=\"author\" content=\"Demarchi\" \/>\n<meta name=\"twitter:card\" content=\"summary_large_image\" \/>\n<meta name=\"twitter:label1\" content=\"Scritto da\" \/>\n\t<meta name=\"twitter:data1\" content=\"Demarchi\" \/>\n\t<meta name=\"twitter:label2\" content=\"Tempo di lettura stimato\" \/>\n\t<meta name=\"twitter:data2\" content=\"4 minuti\" \/>\n<script type=\"application\/ld+json\" class=\"yoast-schema-graph\">{\"@context\":\"https:\/\/schema.org\",\"@graph\":[{\"@type\":\"Article\",\"@id\":\"https:\/\/www.donizettiopera.org\/it\/festa-della-musica-2025-il-donizetti-opera-incontra-il-coro-pop-up-hardcoro\/#article\",\"isPartOf\":{\"@id\":\"https:\/\/www.donizettiopera.org\/it\/festa-della-musica-2025-il-donizetti-opera-incontra-il-coro-pop-up-hardcoro\/\"},\"author\":{\"name\":\"Demarchi\",\"@id\":\"https:\/\/www.donizettiopera.org\/it\/#\/schema\/person\/c0d8fcfeb4e7424dd7312474c5cb218c\"},\"headline\":\"FESTA DELLA MUSICA 2025: IL DONIZETTI OPERA INCONTRA IL CORO POP-UP HARDCORO\",\"datePublished\":\"2025-06-10T13:00:05+00:00\",\"dateModified\":\"2025-07-14T20:59:53+00:00\",\"mainEntityOfPage\":{\"@id\":\"https:\/\/www.donizettiopera.org\/it\/festa-della-musica-2025-il-donizetti-opera-incontra-il-coro-pop-up-hardcoro\/\"},\"wordCount\":815,\"image\":{\"@id\":\"https:\/\/www.donizettiopera.org\/it\/festa-della-musica-2025-il-donizetti-opera-incontra-il-coro-pop-up-hardcoro\/#primaryimage\"},\"thumbnailUrl\":\"https:\/\/www.donizettiopera.org\/wp-content\/uploads\/2025\/06\/HardCoro_Vivaticket1.jpg\",\"articleSection\":[\"News\"],\"inLanguage\":\"it-IT\"},{\"@type\":\"WebPage\",\"@id\":\"https:\/\/www.donizettiopera.org\/it\/festa-della-musica-2025-il-donizetti-opera-incontra-il-coro-pop-up-hardcoro\/\",\"url\":\"https:\/\/www.donizettiopera.org\/it\/festa-della-musica-2025-il-donizetti-opera-incontra-il-coro-pop-up-hardcoro\/\",\"name\":\"FESTA DELLA MUSICA 2025: IL DONIZETTI OPERA INCONTRA IL CORO POP-UP HARDCORO - Donizetti Opera Festival\",\"isPartOf\":{\"@id\":\"https:\/\/www.donizettiopera.org\/it\/#website\"},\"primaryImageOfPage\":{\"@id\":\"https:\/\/www.donizettiopera.org\/it\/festa-della-musica-2025-il-donizetti-opera-incontra-il-coro-pop-up-hardcoro\/#primaryimage\"},\"image\":{\"@id\":\"https:\/\/www.donizettiopera.org\/it\/festa-della-musica-2025-il-donizetti-opera-incontra-il-coro-pop-up-hardcoro\/#primaryimage\"},\"thumbnailUrl\":\"https:\/\/www.donizettiopera.org\/wp-content\/uploads\/2025\/06\/HardCoro_Vivaticket1.jpg\",\"datePublished\":\"2025-06-10T13:00:05+00:00\",\"dateModified\":\"2025-07-14T20:59:53+00:00\",\"author\":{\"@id\":\"https:\/\/www.donizettiopera.org\/it\/#\/schema\/person\/c0d8fcfeb4e7424dd7312474c5cb218c\"},\"breadcrumb\":{\"@id\":\"https:\/\/www.donizettiopera.org\/it\/festa-della-musica-2025-il-donizetti-opera-incontra-il-coro-pop-up-hardcoro\/#breadcrumb\"},\"inLanguage\":\"it-IT\",\"potentialAction\":[{\"@type\":\"ReadAction\",\"target\":[\"https:\/\/www.donizettiopera.org\/it\/festa-della-musica-2025-il-donizetti-opera-incontra-il-coro-pop-up-hardcoro\/\"]}]},{\"@type\":\"ImageObject\",\"inLanguage\":\"it-IT\",\"@id\":\"https:\/\/www.donizettiopera.org\/it\/festa-della-musica-2025-il-donizetti-opera-incontra-il-coro-pop-up-hardcoro\/#primaryimage\",\"url\":\"https:\/\/www.donizettiopera.org\/wp-content\/uploads\/2025\/06\/HardCoro_Vivaticket1.jpg\",\"contentUrl\":\"https:\/\/www.donizettiopera.org\/wp-content\/uploads\/2025\/06\/HardCoro_Vivaticket1.jpg\",\"width\":1080,\"height\":720},{\"@type\":\"BreadcrumbList\",\"@id\":\"https:\/\/www.donizettiopera.org\/it\/festa-della-musica-2025-il-donizetti-opera-incontra-il-coro-pop-up-hardcoro\/#breadcrumb\",\"itemListElement\":[{\"@type\":\"ListItem\",\"position\":1,\"name\":\"Home\",\"item\":\"https:\/\/www.donizettiopera.org\/it\/\"},{\"@type\":\"ListItem\",\"position\":2,\"name\":\"FESTA DELLA MUSICA 2025: IL DONIZETTI OPERA INCONTRA IL CORO POP-UP HARDCORO\"}]},{\"@type\":\"WebSite\",\"@id\":\"https:\/\/www.donizettiopera.org\/it\/#website\",\"url\":\"https:\/\/www.donizettiopera.org\/it\/\",\"name\":\"Donizetti Opera Festival\",\"description\":\"Donizetti Opera Festival\",\"potentialAction\":[{\"@type\":\"SearchAction\",\"target\":{\"@type\":\"EntryPoint\",\"urlTemplate\":\"https:\/\/www.donizettiopera.org\/it\/?s={search_term_string}\"},\"query-input\":{\"@type\":\"PropertyValueSpecification\",\"valueRequired\":true,\"valueName\":\"search_term_string\"}}],\"inLanguage\":\"it-IT\"},{\"@type\":\"Person\",\"@id\":\"https:\/\/www.donizettiopera.org\/it\/#\/schema\/person\/c0d8fcfeb4e7424dd7312474c5cb218c\",\"name\":\"Demarchi\",\"image\":{\"@type\":\"ImageObject\",\"inLanguage\":\"it-IT\",\"@id\":\"https:\/\/www.donizettiopera.org\/it\/#\/schema\/person\/image\/\",\"url\":\"https:\/\/secure.gravatar.com\/avatar\/083a86b83f4c4d06af7cae39245ed5f03ef8131f020beab6ed522bf6945760cc?s=96&d=mm&r=g\",\"contentUrl\":\"https:\/\/secure.gravatar.com\/avatar\/083a86b83f4c4d06af7cae39245ed5f03ef8131f020beab6ed522bf6945760cc?s=96&d=mm&r=g\",\"caption\":\"Demarchi\"},\"sameAs\":[\"https:\/\/www.donizettiopera.org\"],\"url\":\"https:\/\/www.donizettiopera.org\/it\/author\/Demarchi\/\"}]}<\/script>\n<!-- \/ Yoast SEO plugin. -->","yoast_head_json":{"title":"FESTA DELLA MUSICA 2025: IL DONIZETTI OPERA INCONTRA IL CORO POP-UP HARDCORO - Donizetti Opera Festival","robots":{"index":"index","follow":"follow","max-snippet":"max-snippet:-1","max-image-preview":"max-image-preview:large","max-video-preview":"max-video-preview:-1"},"canonical":"https:\/\/www.donizettiopera.org\/it\/festa-della-musica-2025-il-donizetti-opera-incontra-il-coro-pop-up-hardcoro\/","og_locale":"it_IT","og_type":"article","og_title":"FESTA DELLA MUSICA 2025: IL DONIZETTI OPERA INCONTRA IL CORO POP-UP HARDCORO - Donizetti Opera Festival","og_description":"La sera del 21 giugno la platea del Teatro Donizetti [...]","og_url":"https:\/\/www.donizettiopera.org\/it\/festa-della-musica-2025-il-donizetti-opera-incontra-il-coro-pop-up-hardcoro\/","og_site_name":"Donizetti Opera Festival","article_published_time":"2025-06-10T13:00:05+00:00","article_modified_time":"2025-07-14T20:59:53+00:00","og_image":[{"width":1080,"height":720,"url":"https:\/\/www.donizettiopera.org\/wp-content\/uploads\/2025\/06\/HardCoro_Vivaticket1.jpg","type":"image\/jpeg"}],"author":"Demarchi","twitter_card":"summary_large_image","twitter_misc":{"Scritto da":"Demarchi","Tempo di lettura stimato":"4 minuti"},"schema":{"@context":"https:\/\/schema.org","@graph":[{"@type":"Article","@id":"https:\/\/www.donizettiopera.org\/it\/festa-della-musica-2025-il-donizetti-opera-incontra-il-coro-pop-up-hardcoro\/#article","isPartOf":{"@id":"https:\/\/www.donizettiopera.org\/it\/festa-della-musica-2025-il-donizetti-opera-incontra-il-coro-pop-up-hardcoro\/"},"author":{"name":"Demarchi","@id":"https:\/\/www.donizettiopera.org\/it\/#\/schema\/person\/c0d8fcfeb4e7424dd7312474c5cb218c"},"headline":"FESTA DELLA MUSICA 2025: IL DONIZETTI OPERA INCONTRA IL CORO POP-UP HARDCORO","datePublished":"2025-06-10T13:00:05+00:00","dateModified":"2025-07-14T20:59:53+00:00","mainEntityOfPage":{"@id":"https:\/\/www.donizettiopera.org\/it\/festa-della-musica-2025-il-donizetti-opera-incontra-il-coro-pop-up-hardcoro\/"},"wordCount":815,"image":{"@id":"https:\/\/www.donizettiopera.org\/it\/festa-della-musica-2025-il-donizetti-opera-incontra-il-coro-pop-up-hardcoro\/#primaryimage"},"thumbnailUrl":"https:\/\/www.donizettiopera.org\/wp-content\/uploads\/2025\/06\/HardCoro_Vivaticket1.jpg","articleSection":["News"],"inLanguage":"it-IT"},{"@type":"WebPage","@id":"https:\/\/www.donizettiopera.org\/it\/festa-della-musica-2025-il-donizetti-opera-incontra-il-coro-pop-up-hardcoro\/","url":"https:\/\/www.donizettiopera.org\/it\/festa-della-musica-2025-il-donizetti-opera-incontra-il-coro-pop-up-hardcoro\/","name":"FESTA DELLA MUSICA 2025: IL DONIZETTI OPERA INCONTRA IL CORO POP-UP HARDCORO - Donizetti Opera Festival","isPartOf":{"@id":"https:\/\/www.donizettiopera.org\/it\/#website"},"primaryImageOfPage":{"@id":"https:\/\/www.donizettiopera.org\/it\/festa-della-musica-2025-il-donizetti-opera-incontra-il-coro-pop-up-hardcoro\/#primaryimage"},"image":{"@id":"https:\/\/www.donizettiopera.org\/it\/festa-della-musica-2025-il-donizetti-opera-incontra-il-coro-pop-up-hardcoro\/#primaryimage"},"thumbnailUrl":"https:\/\/www.donizettiopera.org\/wp-content\/uploads\/2025\/06\/HardCoro_Vivaticket1.jpg","datePublished":"2025-06-10T13:00:05+00:00","dateModified":"2025-07-14T20:59:53+00:00","author":{"@id":"https:\/\/www.donizettiopera.org\/it\/#\/schema\/person\/c0d8fcfeb4e7424dd7312474c5cb218c"},"breadcrumb":{"@id":"https:\/\/www.donizettiopera.org\/it\/festa-della-musica-2025-il-donizetti-opera-incontra-il-coro-pop-up-hardcoro\/#breadcrumb"},"inLanguage":"it-IT","potentialAction":[{"@type":"ReadAction","target":["https:\/\/www.donizettiopera.org\/it\/festa-della-musica-2025-il-donizetti-opera-incontra-il-coro-pop-up-hardcoro\/"]}]},{"@type":"ImageObject","inLanguage":"it-IT","@id":"https:\/\/www.donizettiopera.org\/it\/festa-della-musica-2025-il-donizetti-opera-incontra-il-coro-pop-up-hardcoro\/#primaryimage","url":"https:\/\/www.donizettiopera.org\/wp-content\/uploads\/2025\/06\/HardCoro_Vivaticket1.jpg","contentUrl":"https:\/\/www.donizettiopera.org\/wp-content\/uploads\/2025\/06\/HardCoro_Vivaticket1.jpg","width":1080,"height":720},{"@type":"BreadcrumbList","@id":"https:\/\/www.donizettiopera.org\/it\/festa-della-musica-2025-il-donizetti-opera-incontra-il-coro-pop-up-hardcoro\/#breadcrumb","itemListElement":[{"@type":"ListItem","position":1,"name":"Home","item":"https:\/\/www.donizettiopera.org\/it\/"},{"@type":"ListItem","position":2,"name":"FESTA DELLA MUSICA 2025: IL DONIZETTI OPERA INCONTRA IL CORO POP-UP HARDCORO"}]},{"@type":"WebSite","@id":"https:\/\/www.donizettiopera.org\/it\/#website","url":"https:\/\/www.donizettiopera.org\/it\/","name":"Donizetti Opera Festival","description":"Donizetti Opera Festival","potentialAction":[{"@type":"SearchAction","target":{"@type":"EntryPoint","urlTemplate":"https:\/\/www.donizettiopera.org\/it\/?s={search_term_string}"},"query-input":{"@type":"PropertyValueSpecification","valueRequired":true,"valueName":"search_term_string"}}],"inLanguage":"it-IT"},{"@type":"Person","@id":"https:\/\/www.donizettiopera.org\/it\/#\/schema\/person\/c0d8fcfeb4e7424dd7312474c5cb218c","name":"Demarchi","image":{"@type":"ImageObject","inLanguage":"it-IT","@id":"https:\/\/www.donizettiopera.org\/it\/#\/schema\/person\/image\/","url":"https:\/\/secure.gravatar.com\/avatar\/083a86b83f4c4d06af7cae39245ed5f03ef8131f020beab6ed522bf6945760cc?s=96&d=mm&r=g","contentUrl":"https:\/\/secure.gravatar.com\/avatar\/083a86b83f4c4d06af7cae39245ed5f03ef8131f020beab6ed522bf6945760cc?s=96&d=mm&r=g","caption":"Demarchi"},"sameAs":["https:\/\/www.donizettiopera.org"],"url":"https:\/\/www.donizettiopera.org\/it\/author\/Demarchi\/"}]}},"_links":{"self":[{"href":"https:\/\/www.donizettiopera.org\/it\/wp-json\/wp\/v2\/posts\/2169","targetHints":{"allow":["GET"]}}],"collection":[{"href":"https:\/\/www.donizettiopera.org\/it\/wp-json\/wp\/v2\/posts"}],"about":[{"href":"https:\/\/www.donizettiopera.org\/it\/wp-json\/wp\/v2\/types\/post"}],"author":[{"embeddable":true,"href":"https:\/\/www.donizettiopera.org\/it\/wp-json\/wp\/v2\/users\/1"}],"replies":[{"embeddable":true,"href":"https:\/\/www.donizettiopera.org\/it\/wp-json\/wp\/v2\/comments?post=2169"}],"version-history":[{"count":0,"href":"https:\/\/www.donizettiopera.org\/it\/wp-json\/wp\/v2\/posts\/2169\/revisions"}],"wp:featuredmedia":[{"embeddable":true,"href":"https:\/\/www.donizettiopera.org\/it\/wp-json\/wp\/v2\/media\/4167"}],"wp:attachment":[{"href":"https:\/\/www.donizettiopera.org\/it\/wp-json\/wp\/v2\/media?parent=2169"}],"wp:term":[{"taxonomy":"category","embeddable":true,"href":"https:\/\/www.donizettiopera.org\/it\/wp-json\/wp\/v2\/categories?post=2169"},{"taxonomy":"post_tag","embeddable":true,"href":"https:\/\/www.donizettiopera.org\/it\/wp-json\/wp\/v2\/tags?post=2169"}],"curies":[{"name":"wp","href":"https:\/\/api.w.org\/{rel}","templated":true}]}}