{"id":2181,"date":"2025-04-15T10:00:30","date_gmt":"2025-04-15T10:00:30","guid":{"rendered":"https:\/\/www.donizettiopera.org\/?p=2181"},"modified":"2025-07-14T21:02:20","modified_gmt":"2025-07-14T21:02:20","slug":"donizetti-opera-2025-la-prima-edizione-con-la-nuova-direzione-artistica-di-riccardo-frizza","status":"publish","type":"post","link":"https:\/\/www.donizettiopera.org\/it\/donizetti-opera-2025-la-prima-edizione-con-la-nuova-direzione-artistica-di-riccardo-frizza\/","title":{"rendered":"DONIZETTI OPERA 2025: LA PRIMA EDIZIONE CON LA NUOVA DIREZIONE ARTISTICA DI RICCARDO FRIZZA"},"content":{"rendered":"<div class=\"post-content\">\n<p><strong>Quattro titoli per tre nuovi allestimenti che ruotano attorno al tema del \u201cmatrimonio\u201d affrontato in diverse sfaccettature:<br \/>\nal Teatro Donizetti\u00a0<em>Caterina Cornaro\u00a0<\/em>e\u00a0<em>Il furioso nell\u2019isola di S. Domingo\u00a0<\/em>e al Teatro Sociale il dittico formato da\u00a0<em>Il campanello\u00a0<\/em>e\u00a0<em>Deux hommes et une femme<\/em><\/strong><\/p>\n<p><strong>Nei ruoli principali grandi interpreti come Carmela Remigio, Mariangela Sicilia, Paolo Bordogna, Alessandro Corbelli, Vito Priante, Enea Scala e Bruno Taddia, che saranno affiancanti da pi\u00f9 giovani artisti come Riccardo Fassi e Giulia Mazzola e dagli allievi della Bottega Donizetti<\/strong><\/p>\n<p><strong>Sul podio, oltre al direttore artistico e musicale Riccardo Frizza, due giovani talenti come Alessandro Palumbo ed Enrico Pagano<\/strong><\/p>\n<p><strong>Firmano le regie Francesco Micheli, Manuel Renga e Stefania Bonfadelli<\/strong><\/p>\n<p><strong><br \/>\n<\/strong><strong>Bergamo, dal 14 al 30 novembre 2025<br \/>\n<\/strong><strong>Biglietti in vendita dal 21 giugno 2025<\/strong><\/p>\n<p>&nbsp;<\/p>\n<p>Sar\u00e0 la prima edizione firmata da\u00a0<strong>Riccardo Frizza<\/strong>, nella doppia veste di direttore artistico e musicale, quella del\u00a0<strong>Donizetti Opera 2025<\/strong>, festival internazionale dedicato al celebre compositore bergamasco che animer\u00e0 i teatri della \u201cCitt\u00e0 di Gaetano Donizetti\u201d\u00a0<strong>dal 14 al 30 novembre<\/strong>.<\/p>\n<p>Il Donizetti Opera \u00e8 organizzato dalla\u00a0<strong>Fondazione Teatro Donizetti di Bergamo<\/strong>\u00a0presieduta da\u00a0<strong>Giorgio Berta<\/strong>\u00a0con la direzione generale di\u00a0<strong>Massimo Boffelli<\/strong>, con il sostegno del\u00a0<strong>Comune di Bergamo<\/strong>. \u00c8 realizzato, inoltre, grazie al supporto di Allianz (<em>Main Partner<\/em>\u00a0della Fondazione Teatro Donizetti di Bergamo), Intesa Sanpaolo, SIAD e un crescente numero di imprese partner e realt\u00e0 aderenti al progetto Ambasciatori di Donizetti che supportano il festival tramite Art Bonus.<\/p>\n<p>\u00abIl programma del Donizetti Opera 2025 \u2013 commenta\u00a0<strong>Riccardo Frizza<\/strong>\u00a0\u2013 gi\u00e0 rispecchia la strada indicata dalle linee guida triennali che abbiamo presentato lo scorso gennaio e a cui abbiamo lavorato accuratamente in questi mesi, a partire da una maggiore internazionalizzazione del festival. Infatti, oltre alla coproduzione con il Teatro Real di Madrid, fra i pi\u00f9 prestigiosi teatri al mondo, questa visione si concretizza anche nella collaborazione con Opera Rara, che permetter\u00e0 al pubblico di ascoltare, nell\u2019arco di un triennio a partire da quest\u2019anno, l\u2019integrale delle Romanze di Donizetti, tra cui alcune in prima esecuzione assoluta, all\u2019interno della rassegna dei concerti della domenica mattina. Inoltre, l\u2019attenzione alla voce e alla musica donizettiana \u00e8 il cuore pulsante delle iniziative in cartellone: le quattro opere, tutte proposte in nuovi allestimenti, presentano cast formati da artisti di fama internazionale affiancati da giovani talenti, che un festival ha il dovere di promuovere e far scoprire. Penso ai miei due colleghi di podio, Alessandro Palumbo ed Enrico Pagano, e poi a Carmela Remigio, Mariangela Sicilia, Paolo Bordogna, Alessandro Corbelli, Vito Priante, Enea Scala, Bruno Taddia, che lavoreranno con Giulia Mazzola, Riccardo Fassi e i talentuosi allievi della Bottega Donizetti, realt\u00e0 fondamentale per la formazione di una generazione di artisti che sapr\u00e0 affrontare il repertorio donizettiano con consapevolezza. L\u2019attenzione ai giovani vedr\u00e0, inoltre, l\u2019apertura imminente di un bando d\u2019eccezione, rivolto a librettisti Under 35, per la nuova opera\u00a0<em>young<\/em>\u00a0dedicata a Gaetano Donizetti e suo fratello Giuseppe, che debutter\u00e0 nel 2026. E ancora, la valorizzazione della rete donizettiana e il coinvolgimento della citt\u00e0 di Bergamo troveranno nel Donizetti Opera occasioni di incontro e di scoperta, unitamente alla grande attenzione da sempre rivolta alle attivit\u00e0 per i pi\u00f9 piccoli e le famiglie, perch\u00e9 il nome di Donizetti sia sempre pi\u00f9 un collante sociale e un punto di riferimento per l\u2019intera comunit\u00e0\u00bb.<\/p>\n<p>Il Donizetti Opera 2025 presenta, quindi, per tre weekend consecutivi\u00a0<strong>quattro titoli proposti in tre nuovi allestimenti<\/strong>:\u00a0<strong>al Teatro Donizetti<\/strong>\u00a0andranno in scena\u00a0<strong><em>Caterina Cornaro<\/em><\/strong>\u00a0in prima moderna, con l\u2019intero testo poetico musicato da Donizetti e il finale secondo la volont\u00e0 del compositore (venerd\u00ec 14, sabato 22 e domenica 30 novembre), e\u00a0<strong><em>Il furioso nell\u2019isola di S. Domingo<\/em><\/strong>\u00a0nella versione integrale della partitura del 1833 (domenica 16, venerd\u00ec 21 e sabato 29 novembre);\u00a0<strong>al Teatro Sociale<\/strong>, in Citt\u00e0 Alta, sar\u00e0 presentato il dittico formato dagli atti unici\u00a0<strong><em>Il campanello<\/em><\/strong>, nella versione del 1837, e\u00a0<strong><em>Deux hommes et une femme\u00a0<\/em><\/strong>nella versione originale francese (sabato 15, domenica 23 e venerd\u00ec 28 novembre).<\/p>\n<p>Il lavoro filologico sulle opere scelte per l\u2019edizione 2025 \u00e8 stato supportato e seguito dal\u00a0<strong>Centro Studi della Fondazione Teatro Donizetti<\/strong>\u00a0diretto da Paolo Fabbri, che ha contribuito a individuare le edizioni critiche delle partiture pubblicate da Casa Ricordi, realizzate con il contributo e la collaborazione della Fondazione bergamasca.<\/p>\n<p>\u00abLe trame che il festival Donizetti Opera 2025 porta in scena \u2013 spiega\u00a0<strong>Paolo Fabbri<\/strong>\u00a0\u2013 paiono variazioni su un unico tema: il matrimonio. In\u00a0<em>Caterina Cornaro<\/em>\u00a0la protagonista vorrebbe stringerlo con l\u2019amato, ma ragioni politiche, dure fino al ricatto, la obbligano a un\u2019unione d\u2019altro tipo. Una moglie fedifraga e sprezzante ha fatto smarrire il senno al\u00a0<em>Furioso<\/em>\u00a0che impazza nell\u2019isola di S. Domingo. Le fantasiose trovate di un ex della sposa, nel\u00a0<em>Campanello<\/em>, impediscono al neo-coniuge di trascorrere con lei la prima notte di nozze. In\u00a0<em>Deux hommes<\/em>\u00a0un marito redivivo e il nuovo sposino fanno a gara per sbarazzarsi di\u00a0<em>une femme<\/em>\u00a0troppo volitiva e perfino manesca\u00bb.<\/p>\n<p>Si confermano per questa undicesima edizione del Donizetti Opera le compagini protagoniste degli ultimi anni, con l\u2019<strong>Orchestra Donizetti Opera\u00a0<\/strong>impegnata nei due titoli al Teatro Donizetti, l\u2019<strong>Orchestra Gli Originali<\/strong>\u00a0\u2013 formazione che adotta strumenti d\u2019epoca \u2013 al Teatro Sociale e il\u00a0<strong>Coro dell\u2019Accademia Teatro alla Scala<\/strong>\u00a0diretto da Salvo Sgr\u00f2 in tutte le produzioni.<\/p>\n<p>&nbsp;<\/p>\n<p><strong><em>Caterina Cornaro\u00a0<\/em><\/strong><strong>e\u00a0<em>Il furioso nell\u2019isola di S. Domingo<\/em><\/strong><\/p>\n<p>Sar\u00e0 l\u2019ultima opera composta da Gaetano Donizetti ad aprire il festival:\u00a0<strong><em>Caterina Cornaro<\/em><\/strong>, titolo ideato sul libretto di\u00a0<strong>Giacomo Sacchero<\/strong>\u00a0nel 1842 per il Theater am K\u00e4rntnertor di Vienna, su richiesta dell\u2019impresario Bartolomeo Merelli, ma andato poi in scena nel 1844 al San Carlo di Napoli. Nella citt\u00e0 partenopea l\u2019opera and\u00f2 incontro a un clamoroso insuccesso dettato da una serie di motivazioni, fra cui un ampio rimaneggiamento del libretto da parte della censura che infici\u00f2 la chiarezza della trama e un\u2019orchestrazione pensata per un teatro austriaco. Da qui la volont\u00e0 di Donizetti di intervenire in modo sostanzioso sulla drammaturgia nella terza parte dell\u2019opera: proprio questo finale, di cui esiste il manoscritto, sar\u00e0\u00a0<strong>per la prima volta rappresentato a Bergamo<\/strong>, cos\u00ec come il testo poetico di Sacchero sar\u00e0 quello originale prima degli interventi della censura napoletana. L\u2019edizione critica adottata al festival \u00e8 stata curata da Eleonora Di Cintio per Casa Ricordi e sar\u00e0 eseguita dall\u2019Orchestra Donizetti Opera sotto la bacchetta del direttore artistico e musicale\u00a0<strong>Riccardo Frizza<\/strong>, con il Coro dell\u2019Accademia Teatro alla Scala, guidato da Salvo Sgr\u00f2.<\/p>\n<p>La storia della regina di Cipro, diventata tale grazie a una singolare amicizia fra i suoi due contendenti, con il potere del Consiglio dei Dieci pronto ad abbattersi su chiunque intralciasse gli interessi della Repubblica di Venezia, sar\u00e0 portata in scena al Teatro Donizetti con la regia di\u00a0<strong>Francesco Micheli<\/strong>, che racconta: \u00ab<em>Caterina Cornaro<\/em>\u00a0\u00e8 di fatto l\u2019ultima opera che Donizetti compone, all\u2019inizio del travagliato declino della sua salute fisica e mentale. La nuova edizione critica, che ho seguito negli anni scorsi come direttore artistico del festival, ci permette di comprendere appieno questo autentico canto del cigno dove il tema centrale \u00e8 proprio il lento spegnimento del protagonista maschile. Per me una grande occasione per salutare definitivamente il festival e omaggiare il grande Gaetano. Restituire la sconvolgente bellezza di questo capolavoro sconosciuto \u00e8 un\u2019impresa incredibile, che mi ricorda i giorni incredibili di\u00a0<em>Ange de Nisida<\/em>\u00bb.<\/p>\n<p>Il\u00a0<strong>nuovo allestimento<\/strong>\u00a0<strong>in prima assoluta<\/strong>, coprodotto con il Teatro Real di Madrid, vedr\u00e0 le scene di\u00a0<strong>Matteo Paoletti Franzato<\/strong>, i costumi di\u00a0<strong>Alessio Rosati<\/strong>, le luci di\u00a0<strong>Alessandro Andreoli<\/strong>, Dramaturg<strong>\u00a0Alberto Mattioli<\/strong>. Nel ruolo del titolo torna al Donizetti Opera una delle beniamine del pubblico,\u00a0<strong>Carmela Remigio<\/strong>, accanto al Gerardo di\u00a0<strong>Enea Scala\u00a0<\/strong>e al Lusignano di\u00a0<strong>Vito Priante<\/strong>. Interprete di Mocenigo sar\u00e0\u00a0<strong>Riccardo Fassi<\/strong>, mentre<strong>\u00a0Fulvio Valenti<\/strong>\u00a0sar\u00e0 Andrea Cornaro e\u00a0<strong>Francesco Lucii<\/strong>\u00a0interpreter\u00e0 il doppio ruolo di Strozzi e di Un cavaliere del re.<\/p>\n<p><em>Caterina Cornaro\u00a0<\/em>inaugura venerd\u00ec 14 novembre alle ore 20.00 e replica sabato 22 novembre sempre alle ore 20.00 e domenica 30 novembre alle ore 15.30. L\u2019anteprima dedicata agli Under30 \u00e8 in programma marted\u00ec 11 novembre alle ore 17.00.<\/p>\n<p>Sorte totalmente differente da quella che tocc\u00f2 a\u00a0<em>Caterina<\/em>\u00a0<em>Cornaro<\/em>\u00a0ebbe\u00a0<strong><em>Il furioso nell\u2019isola di S. Domingo<\/em><\/strong>, rappresentato per la prima volta al Teatro Valle di Roma nel 1833, dove riscosse un immediato successo con decine e decine di repliche in tutta Italia: a Napoli, addirittura, venne rappresentato in tre teatri contemporaneamente. Il Donizetti Opera 2025 propone l\u2019edizione critica di Eleonora Di Cintio per Casa Ricordi, che ripristina un paio di tagli effettuati durante la stagione del debutto romano, inserendo quindi la versione completa del recitativo secco che segue il duetto fra Cardenio ed Eleonora \u00abLa mia vittima \u00e8 qui\u2026 Apri il ciglio\u00bb e l\u2019impiego della Sinfonia al posto del Preludio.<\/p>\n<p>L\u2019opera si incentra sulla figura di Cardenio, personaggio ispirato all\u2019uomo senza senno della Sierra Morena nel\u00a0<em>Don Chisciotte<\/em>\u00a0di Cervantes e protagonista di un lavoro teatrale in cinque atti anonimo da cui\u00a0<strong>Jacopo Ferretti<\/strong>\u00a0trasse il libretto. Il ruolo venne interpretato da Giorgio Ronconi, considerato dai pi\u00f9 il primo baritono \u201cmoderno\u201d.<\/p>\n<p>Il nuovo allestimento della Fondazione Teatro Donizetti vede la regia di\u00a0<strong>Manuel Renga<\/strong>, che per il Donizetti Opera ha curato diversi progetti per i pi\u00f9 piccoli e che quest\u2019anno, dato il plauso conseguito, \u00e8 stato chiamato ad affrontare anche un titolo del festival, oltre all\u2019Opera Family ispirata a questo lavoro donizettiano. Lo spettacolo avr\u00e0 le scene e i costumi di\u00a0<strong>Aurelio Colombo\u00a0<\/strong>e le luci di\u00a0<strong>Emanuele Agliati<\/strong>. Cos\u00ec Renga introduce la sua lettura: \u00abUna fotografia e la nebbia della mente si dirada. O almeno cos\u00ec pare.\u00a0<em>Il furioso nell\u2019Isola di S. Domingo<\/em>, fra i pi\u00f9 eclatanti successi di Donizetti, \u00e8 un\u2019opera semiseria in cui il protagonista \u00e8 folle e furioso, come il matto della Sierra Morena del\u00a0<em>Don Chisciotte<\/em>\u00a0di Cervantes. Comunemente si parla della follia come di una pianta a cui si possono tagliare i rami, ma le radici rimangono per sempre. Nel nuovo allestimento la chiave di lettura attraverso cui vedere tutta la vicenda \u00e8 proprio la radice della follia, che anni dopo gli avvenimenti dell\u2019isola, d\u00e0 nuovo germoglio. Il folle anziano Cardenio, isolato nel suo mondo di ricordi chiuso nel passato, ritirato in una casa di cura, attraverso i pochi oggetti di una vita lontana ritorna ai tempi dell\u2019avventura sull\u2019isola di S. Domingo: l\u2019incontro con Marcella e Bartolomeo, il rapporto con Kaidam\u00e0, il ritorno dell\u2019amata Eleonora, il salto nel vuoto, nelle profondit\u00e0 dell\u2019oceano. I ricordi, per\u00f2, confondono, i sentimenti si sfocano, realt\u00e0 e fantasia non si distinguono pi\u00f9, finch\u00e9 la forza della volont\u00e0 e dell\u2019amore emergono per ridare chiarezza e serenit\u00e0 alla vita: si risveglia il vero amore, quello per cui \u00e8 lecito anche impazzire\u00bb.<\/p>\n<p>A interpretare il ruolo Cardenio sar\u00e0 il baritono\u00a0<strong>Paolo Bordogna<\/strong>\u00a0mentre, con il ruolo di Eleonora, far\u00e0 il suo debutto al Donizetti Opera\u00a0<strong>Mariangela Sicilia<\/strong>, vincitrice quest\u2019anno della 44esima edizione del Premio \u201cAbbiati\u201d. I panni di Kaidam\u00e0 saranno vestiti da\u00a0<strong>Bruno Taddia\u00a0<\/strong>e quelli di Marcella da\u00a0<strong>Giulia Mazzola<\/strong>. Fernando e Bartolomeo saranno rispettivamente\u00a0<strong>Santiago Ballerini<\/strong>\u00a0e\u00a0<strong>Valerio Morelli.<\/strong>\u00a0Sul podio, alla guida dell\u2019Orchestra Donizetti Opera e del Coro dell\u2019Accademia Teatro alla Scala, salir\u00e0\u00a0<strong>Alessandro Palumbo<\/strong>.<\/p>\n<p><em>Il furioso nell\u2019isola di S. Domingo\u00a0<\/em>debutta domenica 16 novembre alle ore 15.30, con repliche venerd\u00ec 21 novembre alle ore 20.00 e sabato 29 novembre alle ore 20.00. L\u2019anteprima Under30 sar\u00e0 gioved\u00ec 13 novembre alle ore 17.00.<\/p>\n<p>&nbsp;<\/p>\n<p><strong><em>Il campanello\u00a0<\/em><\/strong><strong>e<em>\u00a0Deux hommes et une femme<\/em><\/strong><\/p>\n<p>Il sipario del Teatro Sociale in Bergamo Alta si aprir\u00e0 sul dittico formato dalla farsa\u00a0<strong><em>Il campanello<\/em><\/strong>\u00a0e dall\u2019op\u00e9ra-comique\u00a0<strong><em>Deux hommes et une femme<\/em><\/strong>, entrambe in un atto ed entrambe incentrate sul triangolo sentimentale di una donna e due uomini: nel primo caso la giovane Serafina viene promessa in sposa allo speziale Don Pistacchio, ma l\u2019amato Enrico, grazie a mille travestimenti, interromper\u00e0 la prima notte di nozze suonando di continuo il campanello della farmacia; la protagonista della seconda opera \u00e8 invece Rita, sposata in prime nozze con il violento Gasparo, ma che si unisce in seconde nozze con il timido Pep\u00e8, credendo il primo marito scomparso in mare. Il ritorno improvviso di Gasparo genera un \u201ctira e molla\u201d parossistico, in cui al centro finisce proprio la protagonista.<\/p>\n<p><em>Il campanello\u00a0<\/em>andr\u00e0 in scena con l\u2019edizione critica a cura di Ilaria Narici per Casa Ricordi con il contributo del Comune di Bergamo. La versione \u00e8 quella del 1837 per il Teatro del Fondo di Napoli, con i recitativi cantati al posto dei dialoghi parlati presenti nella prima versione dell\u2019anno precedente scritta per il Teatro Nuovo. Quest\u2019opera ci d\u00e0 prova \u2013 ancora una volta \u2013 di un\u00a0<strong>Gaetano Donizetti<\/strong>\u00a0vero uomo di teatro, oltre che artista generoso: regal\u00f2, infatti, la partitura della farsa alla compagnia del Teatro Nuovo che navigava in cattive acque. \u00abDegno di nota \u2013 spiega ancora Paolo Fabbri \u2013 che, nel\u00a0<em>Campanello<\/em>, Donizetti si presentasse come autore al cento per cento: della musica ma anche del libretto, dando prova di abilit\u00e0 da poeta teatrale, assimilata sul campo ma anche frutto di una disposizione creativa a buon diritto definibile \u2018naturale\u2019, che si manifestava anche con le parole, oltre che con le note\u00bb.<\/p>\n<p>Se\u00a0<em>Caterina Cornaro\u00a0<\/em>\u00e8 stata l\u2019ultima opera a debuttare con Donizetti in vita,\u00a0<em>Deux hommes et une femme\u00a0<\/em>rientra in quel gruppo di lavori che videro la ribalta dopo la morte del compositore. Venne ideato per il Teatro dell\u2019Op\u00e9ra-Comique nel 1839 su libretto di\u00a0<strong>Gustave Va\u00ebz<\/strong>, autore di versi ricchi di cinismo e decisamente poco inclini alla parit\u00e0 di genere che, dopo un tentativo di portare in scena l\u2019opera in una versione italiana al Teatro del Fondo di Napoli andato fallito, riusc\u00ec a far eseguire la partitura nel 1860 all\u2019Op\u00e9ra-Comique con il titolo\u00a0<em>Rita, ou le mari battu<\/em>. A Bergamo\u00a0<em>Deux hommes et une femme<\/em>\u00a0sar\u00e0 eseguita nella versione originale francese, con il libretto derivato dalla fonte autografa nell\u2019edizione critica a cura di Paolo A. Rossini per Casa Ricordi, con la collaborazione di Francesco Bellotto.<\/p>\n<p>Per entrambe le opere l\u2019allestimento sar\u00e0 curato da un unico team creativo, interamente al femminile: la regia \u00e8 di\u00a0<strong>Stefania Bonfadelli<\/strong>, le scene di\u00a0<strong>Serena Rocco<\/strong>, i costumi di\u00a0<strong>Valeria Bettella\u00a0<\/strong>e le luci di\u00a0<strong>Fiammetta Baldiserri<\/strong>. \u00abTrovo particolarmente felice l\u2019idea di unire queste due opere che sembrano un tutt\u2019uno \u2013 racconta la regista. Una si compenetra nell\u2019altra sia dal punto di vista musicale che nell\u2019intreccio drammaturgico, in primis, per il fatto che nel\u00a0<em>Campanello<\/em>\u00a0un marito parte e in\u00a0<em>Deux hommes et une femme<\/em>\u00a0uno ritorna dopo molti anni, ma soprattutto per quel sapore schiettamente francese tra il \u201cboulevard\u201d e il \u201cvaudeville\u201d, a cui Donizetti le consegna allontanandole dalla tipicit\u00e0 delle sue opere comiche pi\u00f9 celebri. Qui sembra che Donizetti lasci spazio solo al divertimento tout court, anche un po\u2019 assurdo se vogliamo, senza implicazioni psicologiche palesi. Le due opere oltrepassano sia la farsa che l\u2019opera buffa per strizzare l\u2019occhio un po\u2019 a Feydeau e un po\u2019 a Ionesco, in surreali rapporti matrimoniali, travestimenti e agnizioni\u00bb.<\/p>\n<p>Alla guida dell\u2019orchestra di strumenti d\u2019epoca Gli Originali ci sar\u00e0\u00a0<strong>Enrico Pagano<\/strong>, inserito nel 2021 da Forbes Italia nella lista dei 100 Under 30 leader italiani del futuro, concertatore di un cast interamente formato dagli allievi della Bottega Donizetti 2025, curata da Giulio Zappa. A questo gruppo di giovani talenti far\u00e0 da mentore\u00a0<strong>Alessandro Corbelli<\/strong>, interprete del ruolo di Gasparo in\u00a0<em>Deux hommes et une femme.\u00a0<\/em>Completa la partecipazione del Coro dell\u2019Accademia Teatro alla Scala.<\/p>\n<p>Il dittico \u00e8 proposto sabato 15 novembre alle ore 20.00, domenica 23 novembre alle ore 15.30 e venerd\u00ec 28 novembre alle ore 20.00, con anteprima Under30 mercoled\u00ec 12 novembre alle ore 17.00.<\/p>\n<p>&nbsp;<\/p>\n<p><strong>La nuova collaborazione con Opera Rara<\/strong><\/p>\n<p>Le collaborazioni internazionali del Donizetti Opera si estendono grazie alla nuova intesa che si sta sviluppando in queste settimane con\u00a0<strong>Opera Rara<\/strong>, istituzione culturale britannica che ha come obiettivo quello di ritrovare, studiare e divulgare con incisioni e performance dal vivo composizioni poco eseguite o obliate. Fra queste rientrano le centinaia di canzoni, arie, barcarole, cantate per voce e piano composte da Gaetano Donizetti che, dal 2023, Opera Rara sta riportando alla luce. Al festival, fra brani pi\u00f9 noti e alcuni preziosi inediti, saranno protagonisti gli interpreti della Bottega Donizetti in occasione del\u00a0<strong>nuovo appuntamento della domenica mattina al Teatro Donizetti<\/strong>, che completer\u00e0 cos\u00ec la programmazione di ogni weekend della manifestazione, dove trover\u00e0 anche spazio il repertorio vocale da camera di Donizetti.<\/p>\n<p>&nbsp;<\/p>\n<p><strong><em>Dies Natalis<\/em><\/strong><strong>\u00a0e Opera Family<\/strong><\/p>\n<p>Il programma del Donizetti Opera si completa con la grande festa in occasione del\u00a0<strong><em>Dies natalis\u00a0<\/em><\/strong>di Gaetano Donizetti,\u00a0<strong>il 29 novembre<\/strong>, che coinvolger\u00e0 fin dal mattino l\u2019intera citt\u00e0. Una programmazione speciale per un giorno altrettanto speciale, che si concluder\u00e0 con la recita alle 20.00 al Teatro Donizetti dell\u2019opera\u00a0<em>Il furioso nell\u2019isola di S. Domingo.<\/em><\/p>\n<p>Ma gi\u00e0 dal pomeriggio il Teatro Donizetti sar\u00e0 festosamente invaso dal pubblico delle famiglie grazie alla programmazione\u00a0<strong>Opera Family<\/strong>\u00a0che, ogni sabato del festival, proporr\u00e0 un\u2019attivit\u00e0 per grandi e piccoli. Nel giorno del compleanno del compositore si potr\u00e0 assistere e interagire con\u00a0<strong>l\u2019opera partecipata<\/strong>\u00a0tratta proprio da\u00a0<em>Il furioso nell\u2019isola di S. Domingo<\/em>, proposta con il titolo<em>\u00a0<strong>Il furioso Gaetano nell\u2019isola di S. Domingo<\/strong><\/em>, a cui si aggiunge il sottotitolo\u00a0<strong><em>Ovvero le mirabolanti memorie d\u2019un musicista visionario<\/em><\/strong>, con la regia di\u00a0<strong>Manuel Renga<\/strong>, la drammaturgia musicale di\u00a0<strong>Alberto Zanardi\u00a0<\/strong>in collaborazione con\u00a0<strong>Mariagrazia Mercaldo<\/strong>\u00a0e le musiche di Gaetano Donizetti dirette da\u00a0<strong>Giulio Arnofi<\/strong>. Ad eseguire la partitura sar\u00e0 l\u2019<strong>Ensemble Donizetti Opera\u00a0<\/strong>che imbraccer\u00e0 gli strumenti dell\u2019<strong>Orchestra del Mare<\/strong>, realizzati dalla\u00a0<strong>Liuteria del carcere di Opera<\/strong>\u00a0con il legno delle barche dei migranti, in segno dell\u2019attenzione che il festival rivolge ai temi cruciali della nostra contemporaneit\u00e0. Lo spettacolo, consigliato a partire dagli 8 anni, sar\u00e0 anche aperto al pubblico delle scuole con doppia recita il 26 e 27 novembre alle 9.30 e alle 11.30, e il 28 novembre alle 9.00 e alle 11.00.<\/p>\n<p>Ma le proposte Opera Family non finiscono qui. Inizieranno, infatti, gi\u00e0\u00a0<strong>sabato 15 novembre<\/strong>\u00a0con il laboratorio\u00a0<strong><em>Qui Lucia<\/em><\/strong>, tenuto da Clelia Epis, che dar\u00e0 l\u2019opportunit\u00e0 di immergersi fra i tesori dell\u2019archivio iconografico delle produzioni di\u00a0<em>Lucia di Lammermoor<\/em>\u00a0della Fondazione Teatro Donizetti e quelli monumentali del Teatro Donizetti da scoprire con una visita interattiva (laboratorio ore 15.00 e visita ore 16.00, attivit\u00e0 consigliata dagli 8 anni).<\/p>\n<p>Infine, per i bambini e le bambine dai 3 anni,\u00a0<strong>sabato 22 novembre<\/strong>\u00a0alle ore 16.00 al Ridotto Gavazzeni del Teatro Donizetti andr\u00e0 in scena\u00a0<strong><em>Piccolo Signor Rumore<\/em><\/strong><em>,\u00a0<\/em>la storia-gioco di\u00a0<strong>Enrico Gabrielli<\/strong>\u00a0fra disegni, rumori e musica, preceduta da un laboratorio creativo alle ore 15.00. Con Enrico Gabrielli al pianoforte,\u00a0<strong>Sebastiano De Gennaro\u00a0<\/strong>alle percussioni e ai rumori e\u00a0<strong>Marcello Corti\u00a0<\/strong>agli ottoni e voce narrante.<\/p>\n<p>&nbsp;<\/p>\n<p><strong><em>CineDOpera, il cineforum dedicato a Donizetti<\/em><\/strong><\/p>\n<p>In questi mesi che ci separano dall\u2019inizio del festival 2025, prepara il pubblico al linguaggio e alla musica donizettiana il cineforum proposto dal Centro Studi della Fondazione Teatro Donizetti in Sala della Musica \u201cM. Tremaglia\u201d del Teatro Donizetti. Un appuntamento al mese nel weekend, da maggio a ottobre, dalle ore 15.00 alle 18.30 circa ad ingresso gratuito fino a esaurimento dei posti disponibili, con prenotazione consigliata su Eventbrite. Il calendario propone, quindi,\u00a0<strong>sabato 17 maggio<\/strong>\u00a0il titolo\u00a0<em>Chiara e Serafina,\u00a0<\/em>andato in scena per il Donizetti Opera 2022, introdotto da Candida Mantica, che\u00a0<strong>domenica 15 giugno<\/strong>\u00a0torna a presentare\u00a0<em>L\u2019aio nell\u2019imbarazzo<\/em>, sempre nella messa in scena del DO 2022.\u00a0<strong>Domenica 6 luglio<\/strong>\u00a0sar\u00e0 la volta di Livio Aragona e Maurizio Merisio con\u00a0<em>Rosmonda d\u2019Inghilterra<\/em>, dal DO 2016, per ritrovarsi poi a fine estate,\u00a0<strong>domenica 14 settembre<\/strong>\u00a0con Paolo Fabbri che introduce\u00a0<em>Il diluvio universale\u00a0<\/em>(DO 2023). Candida Mantica chiuder\u00e0 le proiezioni\u00a0<strong>domenica 5 ottobre<\/strong>\u00a0con\u00a0<em>La fille du r\u00e9giment<\/em>\u00a0(DO 2021).<\/p>\n<p>&nbsp;<\/p>\n<p>Dichiara<strong>\u00a0Elena Carnevali, Sindaca del Comune di Bergamo<\/strong>: \u00abIl Donizetti Opera \u00e8 ormai un appuntamento irrinunciabile non solo per Bergamo, ma per l\u2019intero panorama culturale italiano e internazionale. \u00c8 molto pi\u00f9 di un festival: \u00e8 un patrimonio vivo della nostra citt\u00e0, espressione della sua identit\u00e0 profonda e del suo spirito accogliente, creativo, colto. Con la nuova direzione artistica di Riccardo Frizza il legame con Gaetano Donizetti si rinnova con forza, nel segno di una visione che unisce continuit\u00e0 e innovazione, e punta ad una maggiore internazionalizzazione a partire dalla coproduzione del titolo inaugurale. \u00c8 cos\u00ec che Bergamo si conferma centro vitale della cultura musicale e operistica, ambasciatrice nel mondo di un\u2019eredit\u00e0 che parla italiano, ma che appartiene all\u2019umanit\u00e0 intera. Al cuore del festival c\u2019\u00e8 anche una grande attenzione alle nuove generazioni: giovani artisti trovano qui spazio per crescere e formarsi, mentre bambini, famiglie e scuole sono coinvolti in percorsi che rendono la musica e il teatro un bene condiviso. Mi piace ricordare tra le tante iniziative il bando per giovani librettisti al fine di cercare nuovi talenti per l\u2019opera contemporanea. Perch\u00e9 questo \u00e8 il senso pi\u00f9 profondo del Donizetti Opera: custodire il passato guardando al futuro\u00bb.<\/p>\n<p>Prosegue<strong>\u00a0Giorgio Berta, Presidente della Fondazione Teatro Donizetti<\/strong>: \u00abIl festival Donizetti Opera \u00e8 il risultato di un lavoro collettivo che concerta istituzioni, artisti e pubblico, nonch\u00e9 partner, sostenitori e Ambasciatori di Donizetti, che colgo l\u2019occasione per ringraziare del prezioso sostegno, tutti uniti in un progetto culturale ambizioso che vede la voce e la musica al centro. Con Riccardo Frizza si \u00e8 aperto un nuovo corso, segnato dalla continuit\u00e0 nell\u2019innovazione, come l\u2019opera inaugurale ben rappresenta. Infatti, pur a seguito del naturale avvicendamento alla direzione artistica, il fertile rapporto tra la Fondazione e Francesco Micheli prosegue anche quest\u2019anno con forme diverse, ma con il comune obiettivo di valorizzare la figura del grande compositore bergamasco Gaetano Donizetti. In tal senso si inserisce la collaborazione nella regia dell\u2019opera\u00a0<em>Caterina Cornaro<\/em>, nonch\u00e9 la conferma da parte del M\u00b0 Frizza dei titoli proposti dal predecessore per il cartellone, a cui il nuovo direttore artistico e musicale ha lavorato cesellando accuratamente la scelta delle voci, con nomi di punta del repertorio belcantista, nel segno di una voluta continuit\u00e0 di intenti, ampiamente testimoniata\u00bb.<\/p>\n<p>Conclude<strong>\u00a0Massimo Boffelli, Direttore generale della Fondazione Teatro Donizetti<\/strong>: \u00abOgni edizione del Donizetti Opera \u00e8 una sfida creativa e organizzativa, che tutta la Fondazione affronta con grande entusiasmo, competenza e professionalit\u00e0. Il festival anno dopo anno \u00e8 in continua crescita, come dimostrano numeri, qualit\u00e0 e visibilit\u00e0, oltre al gradimento espresso dal pubblico, sempre pi\u00f9 internazionale, e dalla critica. Con la direzione artistica di Riccardo Frizza e un cast di grande valore, l\u2019edizione 2025 segna un nuovo importante passo avanti, volto ad appassionare un pubblico sempre pi\u00f9 ampio che, partendo dal coinvolgimento di tutte le fasce di spettatori della nostra citt\u00e0, stringe legami importanti anche oltre i confini nazionali. Questo con l\u2019obiettivo primario di valorizzare il repertorio donizettiano con uno sguardo contemporaneo e continuare a rafforzare il prestigio del festival a livello mondiale. E il cartellone 2025 ne \u00e8 la prova concreta\u00bb.<\/p>\n<\/div>\n<div class=\"fusion-sharing-box fusion-theme-sharing-box fusion-single-sharing-box\"><\/div>\n","protected":false},"excerpt":{"rendered":"<p>Quattro titoli per tre nuovi allestimenti che ruotano attorno al  [&#8230;]<\/p>\n","protected":false},"author":1,"featured_media":4165,"comment_status":"closed","ping_status":"open","sticky":false,"template":"","format":"standard","meta":{"footnotes":""},"categories":[37],"tags":[],"class_list":["post-2181","post","type-post","status-publish","format-standard","has-post-thumbnail","hentry","category-news"],"yoast_head":"<!-- This site is optimized with the Yoast SEO plugin v26.9 - https:\/\/yoast.com\/product\/yoast-seo-wordpress\/ -->\n<title>DONIZETTI OPERA 2025: LA PRIMA EDIZIONE CON LA NUOVA DIREZIONE ARTISTICA DI RICCARDO FRIZZA - Donizetti Opera Festival<\/title>\n<meta name=\"robots\" content=\"index, follow, max-snippet:-1, max-image-preview:large, max-video-preview:-1\" \/>\n<link rel=\"canonical\" href=\"https:\/\/www.donizettiopera.org\/it\/donizetti-opera-2025-la-prima-edizione-con-la-nuova-direzione-artistica-di-riccardo-frizza\/\" \/>\n<meta property=\"og:locale\" content=\"it_IT\" \/>\n<meta property=\"og:type\" content=\"article\" \/>\n<meta property=\"og:title\" content=\"DONIZETTI OPERA 2025: LA PRIMA EDIZIONE CON LA NUOVA DIREZIONE ARTISTICA DI RICCARDO FRIZZA - Donizetti Opera Festival\" \/>\n<meta property=\"og:description\" content=\"Quattro titoli per tre nuovi allestimenti che ruotano attorno al [...]\" \/>\n<meta property=\"og:url\" content=\"https:\/\/www.donizettiopera.org\/it\/donizetti-opera-2025-la-prima-edizione-con-la-nuova-direzione-artistica-di-riccardo-frizza\/\" \/>\n<meta property=\"og:site_name\" content=\"Donizetti Opera Festival\" \/>\n<meta property=\"article:published_time\" content=\"2025-04-15T10:00:30+00:00\" \/>\n<meta property=\"article:modified_time\" content=\"2025-07-14T21:02:20+00:00\" \/>\n<meta property=\"og:image\" content=\"https:\/\/www.donizettiopera.org\/wp-content\/uploads\/2025\/06\/8.jpg\" \/>\n\t<meta property=\"og:image:width\" content=\"1080\" \/>\n\t<meta property=\"og:image:height\" content=\"720\" \/>\n\t<meta property=\"og:image:type\" content=\"image\/jpeg\" \/>\n<meta name=\"author\" content=\"Demarchi\" \/>\n<meta name=\"twitter:card\" content=\"summary_large_image\" \/>\n<meta name=\"twitter:label1\" content=\"Scritto da\" \/>\n\t<meta name=\"twitter:data1\" content=\"Demarchi\" \/>\n\t<meta name=\"twitter:label2\" content=\"Tempo di lettura stimato\" \/>\n\t<meta name=\"twitter:data2\" content=\"19 minuti\" \/>\n<script type=\"application\/ld+json\" class=\"yoast-schema-graph\">{\"@context\":\"https:\/\/schema.org\",\"@graph\":[{\"@type\":\"Article\",\"@id\":\"https:\/\/www.donizettiopera.org\/it\/donizetti-opera-2025-la-prima-edizione-con-la-nuova-direzione-artistica-di-riccardo-frizza\/#article\",\"isPartOf\":{\"@id\":\"https:\/\/www.donizettiopera.org\/it\/donizetti-opera-2025-la-prima-edizione-con-la-nuova-direzione-artistica-di-riccardo-frizza\/\"},\"author\":{\"name\":\"Demarchi\",\"@id\":\"https:\/\/www.donizettiopera.org\/it\/#\/schema\/person\/c0d8fcfeb4e7424dd7312474c5cb218c\"},\"headline\":\"DONIZETTI OPERA 2025: LA PRIMA EDIZIONE CON LA NUOVA DIREZIONE ARTISTICA DI RICCARDO FRIZZA\",\"datePublished\":\"2025-04-15T10:00:30+00:00\",\"dateModified\":\"2025-07-14T21:02:20+00:00\",\"mainEntityOfPage\":{\"@id\":\"https:\/\/www.donizettiopera.org\/it\/donizetti-opera-2025-la-prima-edizione-con-la-nuova-direzione-artistica-di-riccardo-frizza\/\"},\"wordCount\":3743,\"image\":{\"@id\":\"https:\/\/www.donizettiopera.org\/it\/donizetti-opera-2025-la-prima-edizione-con-la-nuova-direzione-artistica-di-riccardo-frizza\/#primaryimage\"},\"thumbnailUrl\":\"https:\/\/www.donizettiopera.org\/wp-content\/uploads\/2025\/06\/8.jpg\",\"articleSection\":[\"News\"],\"inLanguage\":\"it-IT\"},{\"@type\":\"WebPage\",\"@id\":\"https:\/\/www.donizettiopera.org\/it\/donizetti-opera-2025-la-prima-edizione-con-la-nuova-direzione-artistica-di-riccardo-frizza\/\",\"url\":\"https:\/\/www.donizettiopera.org\/it\/donizetti-opera-2025-la-prima-edizione-con-la-nuova-direzione-artistica-di-riccardo-frizza\/\",\"name\":\"DONIZETTI OPERA 2025: LA PRIMA EDIZIONE CON LA NUOVA DIREZIONE ARTISTICA DI RICCARDO FRIZZA - Donizetti Opera Festival\",\"isPartOf\":{\"@id\":\"https:\/\/www.donizettiopera.org\/it\/#website\"},\"primaryImageOfPage\":{\"@id\":\"https:\/\/www.donizettiopera.org\/it\/donizetti-opera-2025-la-prima-edizione-con-la-nuova-direzione-artistica-di-riccardo-frizza\/#primaryimage\"},\"image\":{\"@id\":\"https:\/\/www.donizettiopera.org\/it\/donizetti-opera-2025-la-prima-edizione-con-la-nuova-direzione-artistica-di-riccardo-frizza\/#primaryimage\"},\"thumbnailUrl\":\"https:\/\/www.donizettiopera.org\/wp-content\/uploads\/2025\/06\/8.jpg\",\"datePublished\":\"2025-04-15T10:00:30+00:00\",\"dateModified\":\"2025-07-14T21:02:20+00:00\",\"author\":{\"@id\":\"https:\/\/www.donizettiopera.org\/it\/#\/schema\/person\/c0d8fcfeb4e7424dd7312474c5cb218c\"},\"breadcrumb\":{\"@id\":\"https:\/\/www.donizettiopera.org\/it\/donizetti-opera-2025-la-prima-edizione-con-la-nuova-direzione-artistica-di-riccardo-frizza\/#breadcrumb\"},\"inLanguage\":\"it-IT\",\"potentialAction\":[{\"@type\":\"ReadAction\",\"target\":[\"https:\/\/www.donizettiopera.org\/it\/donizetti-opera-2025-la-prima-edizione-con-la-nuova-direzione-artistica-di-riccardo-frizza\/\"]}]},{\"@type\":\"ImageObject\",\"inLanguage\":\"it-IT\",\"@id\":\"https:\/\/www.donizettiopera.org\/it\/donizetti-opera-2025-la-prima-edizione-con-la-nuova-direzione-artistica-di-riccardo-frizza\/#primaryimage\",\"url\":\"https:\/\/www.donizettiopera.org\/wp-content\/uploads\/2025\/06\/8.jpg\",\"contentUrl\":\"https:\/\/www.donizettiopera.org\/wp-content\/uploads\/2025\/06\/8.jpg\",\"width\":1080,\"height\":720},{\"@type\":\"BreadcrumbList\",\"@id\":\"https:\/\/www.donizettiopera.org\/it\/donizetti-opera-2025-la-prima-edizione-con-la-nuova-direzione-artistica-di-riccardo-frizza\/#breadcrumb\",\"itemListElement\":[{\"@type\":\"ListItem\",\"position\":1,\"name\":\"Home\",\"item\":\"https:\/\/www.donizettiopera.org\/it\/\"},{\"@type\":\"ListItem\",\"position\":2,\"name\":\"DONIZETTI OPERA 2025: LA PRIMA EDIZIONE CON LA NUOVA DIREZIONE ARTISTICA DI RICCARDO FRIZZA\"}]},{\"@type\":\"WebSite\",\"@id\":\"https:\/\/www.donizettiopera.org\/it\/#website\",\"url\":\"https:\/\/www.donizettiopera.org\/it\/\",\"name\":\"Donizetti Opera Festival\",\"description\":\"Donizetti Opera Festival\",\"potentialAction\":[{\"@type\":\"SearchAction\",\"target\":{\"@type\":\"EntryPoint\",\"urlTemplate\":\"https:\/\/www.donizettiopera.org\/it\/?s={search_term_string}\"},\"query-input\":{\"@type\":\"PropertyValueSpecification\",\"valueRequired\":true,\"valueName\":\"search_term_string\"}}],\"inLanguage\":\"it-IT\"},{\"@type\":\"Person\",\"@id\":\"https:\/\/www.donizettiopera.org\/it\/#\/schema\/person\/c0d8fcfeb4e7424dd7312474c5cb218c\",\"name\":\"Demarchi\",\"image\":{\"@type\":\"ImageObject\",\"inLanguage\":\"it-IT\",\"@id\":\"https:\/\/www.donizettiopera.org\/it\/#\/schema\/person\/image\/\",\"url\":\"https:\/\/secure.gravatar.com\/avatar\/083a86b83f4c4d06af7cae39245ed5f03ef8131f020beab6ed522bf6945760cc?s=96&d=mm&r=g\",\"contentUrl\":\"https:\/\/secure.gravatar.com\/avatar\/083a86b83f4c4d06af7cae39245ed5f03ef8131f020beab6ed522bf6945760cc?s=96&d=mm&r=g\",\"caption\":\"Demarchi\"},\"sameAs\":[\"https:\/\/www.donizettiopera.org\"],\"url\":\"https:\/\/www.donizettiopera.org\/it\/author\/Demarchi\/\"}]}<\/script>\n<!-- \/ Yoast SEO plugin. -->","yoast_head_json":{"title":"DONIZETTI OPERA 2025: LA PRIMA EDIZIONE CON LA NUOVA DIREZIONE ARTISTICA DI RICCARDO FRIZZA - Donizetti Opera Festival","robots":{"index":"index","follow":"follow","max-snippet":"max-snippet:-1","max-image-preview":"max-image-preview:large","max-video-preview":"max-video-preview:-1"},"canonical":"https:\/\/www.donizettiopera.org\/it\/donizetti-opera-2025-la-prima-edizione-con-la-nuova-direzione-artistica-di-riccardo-frizza\/","og_locale":"it_IT","og_type":"article","og_title":"DONIZETTI OPERA 2025: LA PRIMA EDIZIONE CON LA NUOVA DIREZIONE ARTISTICA DI RICCARDO FRIZZA - Donizetti Opera Festival","og_description":"Quattro titoli per tre nuovi allestimenti che ruotano attorno al [...]","og_url":"https:\/\/www.donizettiopera.org\/it\/donizetti-opera-2025-la-prima-edizione-con-la-nuova-direzione-artistica-di-riccardo-frizza\/","og_site_name":"Donizetti Opera Festival","article_published_time":"2025-04-15T10:00:30+00:00","article_modified_time":"2025-07-14T21:02:20+00:00","og_image":[{"width":1080,"height":720,"url":"https:\/\/www.donizettiopera.org\/wp-content\/uploads\/2025\/06\/8.jpg","type":"image\/jpeg"}],"author":"Demarchi","twitter_card":"summary_large_image","twitter_misc":{"Scritto da":"Demarchi","Tempo di lettura stimato":"19 minuti"},"schema":{"@context":"https:\/\/schema.org","@graph":[{"@type":"Article","@id":"https:\/\/www.donizettiopera.org\/it\/donizetti-opera-2025-la-prima-edizione-con-la-nuova-direzione-artistica-di-riccardo-frizza\/#article","isPartOf":{"@id":"https:\/\/www.donizettiopera.org\/it\/donizetti-opera-2025-la-prima-edizione-con-la-nuova-direzione-artistica-di-riccardo-frizza\/"},"author":{"name":"Demarchi","@id":"https:\/\/www.donizettiopera.org\/it\/#\/schema\/person\/c0d8fcfeb4e7424dd7312474c5cb218c"},"headline":"DONIZETTI OPERA 2025: LA PRIMA EDIZIONE CON LA NUOVA DIREZIONE ARTISTICA DI RICCARDO FRIZZA","datePublished":"2025-04-15T10:00:30+00:00","dateModified":"2025-07-14T21:02:20+00:00","mainEntityOfPage":{"@id":"https:\/\/www.donizettiopera.org\/it\/donizetti-opera-2025-la-prima-edizione-con-la-nuova-direzione-artistica-di-riccardo-frizza\/"},"wordCount":3743,"image":{"@id":"https:\/\/www.donizettiopera.org\/it\/donizetti-opera-2025-la-prima-edizione-con-la-nuova-direzione-artistica-di-riccardo-frizza\/#primaryimage"},"thumbnailUrl":"https:\/\/www.donizettiopera.org\/wp-content\/uploads\/2025\/06\/8.jpg","articleSection":["News"],"inLanguage":"it-IT"},{"@type":"WebPage","@id":"https:\/\/www.donizettiopera.org\/it\/donizetti-opera-2025-la-prima-edizione-con-la-nuova-direzione-artistica-di-riccardo-frizza\/","url":"https:\/\/www.donizettiopera.org\/it\/donizetti-opera-2025-la-prima-edizione-con-la-nuova-direzione-artistica-di-riccardo-frizza\/","name":"DONIZETTI OPERA 2025: LA PRIMA EDIZIONE CON LA NUOVA DIREZIONE ARTISTICA DI RICCARDO FRIZZA - Donizetti Opera Festival","isPartOf":{"@id":"https:\/\/www.donizettiopera.org\/it\/#website"},"primaryImageOfPage":{"@id":"https:\/\/www.donizettiopera.org\/it\/donizetti-opera-2025-la-prima-edizione-con-la-nuova-direzione-artistica-di-riccardo-frizza\/#primaryimage"},"image":{"@id":"https:\/\/www.donizettiopera.org\/it\/donizetti-opera-2025-la-prima-edizione-con-la-nuova-direzione-artistica-di-riccardo-frizza\/#primaryimage"},"thumbnailUrl":"https:\/\/www.donizettiopera.org\/wp-content\/uploads\/2025\/06\/8.jpg","datePublished":"2025-04-15T10:00:30+00:00","dateModified":"2025-07-14T21:02:20+00:00","author":{"@id":"https:\/\/www.donizettiopera.org\/it\/#\/schema\/person\/c0d8fcfeb4e7424dd7312474c5cb218c"},"breadcrumb":{"@id":"https:\/\/www.donizettiopera.org\/it\/donizetti-opera-2025-la-prima-edizione-con-la-nuova-direzione-artistica-di-riccardo-frizza\/#breadcrumb"},"inLanguage":"it-IT","potentialAction":[{"@type":"ReadAction","target":["https:\/\/www.donizettiopera.org\/it\/donizetti-opera-2025-la-prima-edizione-con-la-nuova-direzione-artistica-di-riccardo-frizza\/"]}]},{"@type":"ImageObject","inLanguage":"it-IT","@id":"https:\/\/www.donizettiopera.org\/it\/donizetti-opera-2025-la-prima-edizione-con-la-nuova-direzione-artistica-di-riccardo-frizza\/#primaryimage","url":"https:\/\/www.donizettiopera.org\/wp-content\/uploads\/2025\/06\/8.jpg","contentUrl":"https:\/\/www.donizettiopera.org\/wp-content\/uploads\/2025\/06\/8.jpg","width":1080,"height":720},{"@type":"BreadcrumbList","@id":"https:\/\/www.donizettiopera.org\/it\/donizetti-opera-2025-la-prima-edizione-con-la-nuova-direzione-artistica-di-riccardo-frizza\/#breadcrumb","itemListElement":[{"@type":"ListItem","position":1,"name":"Home","item":"https:\/\/www.donizettiopera.org\/it\/"},{"@type":"ListItem","position":2,"name":"DONIZETTI OPERA 2025: LA PRIMA EDIZIONE CON LA NUOVA DIREZIONE ARTISTICA DI RICCARDO FRIZZA"}]},{"@type":"WebSite","@id":"https:\/\/www.donizettiopera.org\/it\/#website","url":"https:\/\/www.donizettiopera.org\/it\/","name":"Donizetti Opera Festival","description":"Donizetti Opera Festival","potentialAction":[{"@type":"SearchAction","target":{"@type":"EntryPoint","urlTemplate":"https:\/\/www.donizettiopera.org\/it\/?s={search_term_string}"},"query-input":{"@type":"PropertyValueSpecification","valueRequired":true,"valueName":"search_term_string"}}],"inLanguage":"it-IT"},{"@type":"Person","@id":"https:\/\/www.donizettiopera.org\/it\/#\/schema\/person\/c0d8fcfeb4e7424dd7312474c5cb218c","name":"Demarchi","image":{"@type":"ImageObject","inLanguage":"it-IT","@id":"https:\/\/www.donizettiopera.org\/it\/#\/schema\/person\/image\/","url":"https:\/\/secure.gravatar.com\/avatar\/083a86b83f4c4d06af7cae39245ed5f03ef8131f020beab6ed522bf6945760cc?s=96&d=mm&r=g","contentUrl":"https:\/\/secure.gravatar.com\/avatar\/083a86b83f4c4d06af7cae39245ed5f03ef8131f020beab6ed522bf6945760cc?s=96&d=mm&r=g","caption":"Demarchi"},"sameAs":["https:\/\/www.donizettiopera.org"],"url":"https:\/\/www.donizettiopera.org\/it\/author\/Demarchi\/"}]}},"_links":{"self":[{"href":"https:\/\/www.donizettiopera.org\/it\/wp-json\/wp\/v2\/posts\/2181","targetHints":{"allow":["GET"]}}],"collection":[{"href":"https:\/\/www.donizettiopera.org\/it\/wp-json\/wp\/v2\/posts"}],"about":[{"href":"https:\/\/www.donizettiopera.org\/it\/wp-json\/wp\/v2\/types\/post"}],"author":[{"embeddable":true,"href":"https:\/\/www.donizettiopera.org\/it\/wp-json\/wp\/v2\/users\/1"}],"replies":[{"embeddable":true,"href":"https:\/\/www.donizettiopera.org\/it\/wp-json\/wp\/v2\/comments?post=2181"}],"version-history":[{"count":0,"href":"https:\/\/www.donizettiopera.org\/it\/wp-json\/wp\/v2\/posts\/2181\/revisions"}],"wp:featuredmedia":[{"embeddable":true,"href":"https:\/\/www.donizettiopera.org\/it\/wp-json\/wp\/v2\/media\/4165"}],"wp:attachment":[{"href":"https:\/\/www.donizettiopera.org\/it\/wp-json\/wp\/v2\/media?parent=2181"}],"wp:term":[{"taxonomy":"category","embeddable":true,"href":"https:\/\/www.donizettiopera.org\/it\/wp-json\/wp\/v2\/categories?post=2181"},{"taxonomy":"post_tag","embeddable":true,"href":"https:\/\/www.donizettiopera.org\/it\/wp-json\/wp\/v2\/tags?post=2181"}],"curies":[{"name":"wp","href":"https:\/\/api.w.org\/{rel}","templated":true}]}}