{"id":3914,"date":"2025-03-28T13:56:07","date_gmt":"2025-03-28T13:56:07","guid":{"rendered":"https:\/\/www.donizettiopera.org\/?p=3914"},"modified":"2025-07-14T21:03:15","modified_gmt":"2025-07-14T21:03:15","slug":"torna-anche-nel-2025-il-donizetti-summer-camp","status":"publish","type":"post","link":"https:\/\/www.donizettiopera.org\/it\/torna-anche-nel-2025-il-donizetti-summer-camp\/","title":{"rendered":"Torna anche nel 2025 il Donizetti Summer Camp!"},"content":{"rendered":"<h2 class=\"entry-title fusion-post-title fusion-responsive-typography-calculated\" data-fontsize=\"24\" data-lineheight=\"34.08px\">Torna anche nel 2025 il Donizetti Summer Camp!<\/h2>\n<div class=\"post-content\">\n<div class=\"fusion-fullwidth fullwidth-box fusion-builder-row-8 fusion-flex-container nonhundred-percent-fullwidth non-hundred-percent-height-scrolling\">\n<div class=\"fusion-builder-row fusion-row fusion-flex-align-items-flex-start fusion-flex-content-wrap\">\n<div class=\"fusion-layout-column fusion_builder_column fusion-builder-column-16 fusion_builder_column_1_1 1_1 fusion-flex-column\">\n<div class=\"fusion-column-wrapper fusion-column-has-shadow fusion-flex-justify-content-flex-start fusion-content-layout-column\">\n<div class=\"fusion-text fusion-text-2\">\n<p class=\"fusion-responsive-typography-calculated\" data-fontsize=\"22\" data-lineheight=\"28.38px\"><strong><em>DONIZETTI SUMMER CAMP 2025<br \/>\n<\/em>IO NON HO PAURA. La saga dell\u2019indomabile<\/strong><\/p>\n<p><strong>Dal 9 al 13 giugno, dal 16 al 20 giugno, dal 30 giugno al 4 luglio e dal 7 all\u201911 luglio<\/strong><\/p>\n<\/div>\n<\/div>\n<\/div>\n<\/div>\n<\/div>\n<div class=\"fusion-fullwidth fullwidth-box fusion-builder-row-10 fusion-flex-container nonhundred-percent-fullwidth non-hundred-percent-height-scrolling\">\n<div class=\"fusion-builder-row fusion-row fusion-flex-align-items-flex-start fusion-flex-content-wrap\">\n<div class=\"fusion-layout-column fusion_builder_column fusion-builder-column-18 fusion_builder_column_1_1 1_1 fusion-flex-column\">\n<div class=\"fusion-column-wrapper fusion-column-has-shadow fusion-flex-justify-content-flex-start fusion-content-layout-column\">\n<div class=\"fusion-text fusion-text-4\">\n<p class=\"fusion-responsive-typography-calculated\" data-fontsize=\"18\" data-lineheight=\"23.94px\"><strong><em>Torna il Donizetti Summer Camp, un\u2019occasione per vivere tutti gli spazi del Teatro Donizetti, dalla sala prove ai camerini fino al palcoscenico, da veri protagonisti, conoscendo e sviluppando i propri talenti in un gruppo di bambini\/e e ragazzi\/e affiatato,<br \/>\nche avr\u00e0 il coraggio di mettere in scena la riduzione di un\u2019opera in una sola settimana.<\/em><\/strong><strong><br \/>\n<\/strong><\/p>\n<p>____________________________________<\/p>\n<p class=\"fusion-responsive-typography-calculated\" data-fontsize=\"16\" data-lineheight=\"25.6px\">L\u2019estate \u00e8 alle porte e la Fondazione Teatro Donizetti torna a proporre, dopo il successo delle passate edizioni, ben quattro diverse settimane di\u00a0<strong><em>Donizetti Summer Camp 2025<\/em>, che quest\u2019anno ha per titolo<em>\u00a0IO NON HO PAURA \u2013 La saga dell\u2019indomabile<\/em><\/strong>:\u00a0<strong>bambini e ragazzi tra gli 8 e i 14 anni<\/strong>\u00a0potranno vivere in modo inusuale gli spazi del Teatro Donizetti, dal luned\u00ec al venerd\u00ec, dalle 8.30 alle 17.00 (con possibilit\u00e0 di anticipo alle 8.00 e posticipo alle 17.30).<\/p>\n<p class=\"fusion-responsive-typography-calculated\" data-fontsize=\"16\" data-lineheight=\"25.6px\">Le\u00a0<strong>iscrizioni apriranno il 2 aprile 2025 alle ore 12.00<\/strong><strong>.<br \/>\n<\/strong><br \/>\nUlteriori dettagli per l\u2019iscrizione<strong><a href=\"https:\/\/www.teatrodonizetti.it\/wp-content\/uploads\/2025\/03\/DONIZETTI-SUMMER-CAMP-2025-testo.pdf\">\u00a0qui<\/a><br \/>\n<\/strong>Modulo da compilare per l\u2019iscrizione<a href=\"https:\/\/docs.google.com\/forms\/d\/e\/1FAIpQLSd6sPCFW_RAfiNHkJPdVX7asKw76m2sgErYdG-rlBZVeUKWvQ\/closedform\" target=\"_blank\" rel=\"noopener\"><strong>\u00a0qui<\/strong><\/a><\/p>\n<p class=\"fusion-responsive-typography-calculated\" data-fontsize=\"16\" data-lineheight=\"25.6px\"><strong>\u00a0<\/strong>Anche per il 2025 torna il\u00a0<strong>Donizetti Summer Camp<\/strong>, un\u2019esperienza unica che vi porter\u00e0 alla scoperta delle opere di\u00a0<strong>Gaetano Donizetti<\/strong>\u00a0e delle sue affascinanti riletture, immersi nella meraviglia del Teatro Donizetti, dal palcoscenico alla sala prove al laboratorio di scenografia. In un\u2019atmosfera creativa e stimolante, avrete l\u2019opportunit\u00e0 di lavorare su\u00a0<strong>quattro opere in quattro settimane<\/strong>, ognuna caratterizzata da un\u2019interpretazione originale che apre nuove prospettive sull\u2019opera e sul teatro attraverso il gioco e il canto. Quest\u2019anno si aggiunge un titolo di\u00a0<strong>Rossini<\/strong>,\u00a0<strong><em>La Cenerentola<\/em><\/strong>, la fiaba delle fiabe, con risvolti imprevedibili e una Cenerentola pi\u00f9 saggia che mai. Il canto e la musica saranno linguaggi da scoprire per entrare in contatto con le storie antiche di Lucia, Cardenio, No\u00e8 e Angelina, attraverso la musica e il teatro. Ogni settimana termina con la realizzazione di un\u2019opera, uno spettacolo in cui ogni partecipante avr\u00e0 un ruolo importante e in cui ogni elemento di scena sar\u00e0 stato realizzato in sessioni dedicate.<br \/>\nI titoli:<br \/>\n1.\u00a0<em><strong>Il furioso all\u2019isola di Santo Domingo<\/strong><\/em>, di\u00a0<strong>Gaetano Donizetti<\/strong><br \/>\nUna rivisitazione semiseria dell\u2019opera di Donizetti, incentrata sulla paura della diversit\u00e0. L\u2019opera diventa una girandola di equivoci e incomprensioni che trasformeranno la messa in scena in un gioco tragicomico, ricco di sorprese e riflessioni sul nostro rapporto con l\u2019altro.<br \/>\n2.\u00a0<em><strong>Lucia di Lammermoor<\/strong><\/em>, di\u00a0<strong>Gaetano Donizetti<\/strong><br \/>\nUn capolavoro che esploreremo come una potente metafora della lotta contro la prepotenza e la violenza sulla propria identit\u00e0. Lucia diventa un\u2019eroina che rappresenta tutte noi quando ci troviamo a difendere le nostre scelte in un mondo che spesso le calpesta. Un incontro tra musica struggente e un\u2019estetica pop per raccontare una storia senza tempo.<br \/>\n3.\u00a0<em><strong>Diluvio Universale<\/strong><\/em>, di\u00a0<strong>Gaetano Donizetti<\/strong><br \/>\nIn questa rivisitazione, la cupa atmosfera dell\u2019opera donizettiana si trasforma in una storia di denuncia sociale. No\u00e8, leader degli Ambientalisti, guida un gruppo che si prende cura del nostro pianeta, affrontando la trib\u00f9 degli Spreconi che ignora la gravit\u00e0 della crisi climatica. Un\u2019opera che ci riguarda da vicino e che affronta tematiche contemporanee in modo potente e simbolico.<br \/>\n4.\u00a0<em><strong>La Cenerentola<\/strong><\/em>, di\u00a0<strong>Gioachino Rossini<\/strong><br \/>\nL\u2019opera di Rossini si trasforma in una fiaba dove la bont\u00e0 e l\u2019intelligenza trionfano. In questa versione, Angelina (la nostra Cenerentola) \u00e8 una giovane donna che, con umilt\u00e0 e saggezza, sconfigge ogni forma di cattiveria. Una lettura pi\u00f9 matura e profonda di una storia classica che ci invita a riflettere sulla vera forza interiore.<br \/>\nOgni settimana lavoreremo insieme in modo intenso e coinvolgente, esplorando non solo le opere ma anche il nostro lato creativo e umano. Un\u2019esperienza formativa dove la musica, il canto e il teatro si incontrano per dar vita a un\u2019interpretazione unica e in continua evoluzione.<\/p>\n<\/div>\n<\/div>\n<\/div>\n<\/div>\n<\/div>\n<\/div>\n","protected":false},"excerpt":{"rendered":"<p>Torna anche nel 2025 il Donizetti Summer Camp! DONIZETTI SUMMER  [&#8230;]<\/p>\n","protected":false},"author":1,"featured_media":4161,"comment_status":"closed","ping_status":"open","sticky":false,"template":"","format":"standard","meta":{"footnotes":""},"categories":[37],"tags":[],"class_list":["post-3914","post","type-post","status-publish","format-standard","has-post-thumbnail","hentry","category-news"],"yoast_head":"<!-- This site is optimized with the Yoast SEO plugin v26.9 - https:\/\/yoast.com\/product\/yoast-seo-wordpress\/ -->\n<title>Torna anche nel 2025 il Donizetti Summer Camp! - Donizetti Opera Festival<\/title>\n<meta name=\"robots\" content=\"index, follow, max-snippet:-1, max-image-preview:large, max-video-preview:-1\" \/>\n<link rel=\"canonical\" href=\"https:\/\/www.donizettiopera.org\/it\/torna-anche-nel-2025-il-donizetti-summer-camp\/\" \/>\n<meta property=\"og:locale\" content=\"it_IT\" \/>\n<meta property=\"og:type\" content=\"article\" \/>\n<meta property=\"og:title\" content=\"Torna anche nel 2025 il Donizetti Summer Camp! - Donizetti Opera Festival\" \/>\n<meta property=\"og:description\" content=\"Torna anche nel 2025 il Donizetti Summer Camp! DONIZETTI SUMMER [...]\" \/>\n<meta property=\"og:url\" content=\"https:\/\/www.donizettiopera.org\/it\/torna-anche-nel-2025-il-donizetti-summer-camp\/\" \/>\n<meta property=\"og:site_name\" content=\"Donizetti Opera Festival\" \/>\n<meta property=\"article:published_time\" content=\"2025-03-28T13:56:07+00:00\" \/>\n<meta property=\"article:modified_time\" content=\"2025-07-14T21:03:15+00:00\" \/>\n<meta property=\"og:image\" content=\"https:\/\/www.donizettiopera.org\/wp-content\/uploads\/2025\/06\/5.jpg\" \/>\n\t<meta property=\"og:image:width\" content=\"1080\" \/>\n\t<meta property=\"og:image:height\" content=\"720\" \/>\n\t<meta property=\"og:image:type\" content=\"image\/jpeg\" \/>\n<meta name=\"author\" content=\"Demarchi\" \/>\n<meta name=\"twitter:card\" content=\"summary_large_image\" \/>\n<meta name=\"twitter:label1\" content=\"Scritto da\" \/>\n\t<meta name=\"twitter:data1\" content=\"Demarchi\" \/>\n\t<meta name=\"twitter:label2\" content=\"Tempo di lettura stimato\" \/>\n\t<meta name=\"twitter:data2\" content=\"3 minuti\" \/>\n<script type=\"application\/ld+json\" class=\"yoast-schema-graph\">{\"@context\":\"https:\/\/schema.org\",\"@graph\":[{\"@type\":\"Article\",\"@id\":\"https:\/\/www.donizettiopera.org\/it\/torna-anche-nel-2025-il-donizetti-summer-camp\/#article\",\"isPartOf\":{\"@id\":\"https:\/\/www.donizettiopera.org\/it\/torna-anche-nel-2025-il-donizetti-summer-camp\/\"},\"author\":{\"name\":\"Demarchi\",\"@id\":\"https:\/\/www.donizettiopera.org\/it\/#\/schema\/person\/c0d8fcfeb4e7424dd7312474c5cb218c\"},\"headline\":\"Torna anche nel 2025 il Donizetti Summer Camp!\",\"datePublished\":\"2025-03-28T13:56:07+00:00\",\"dateModified\":\"2025-07-14T21:03:15+00:00\",\"mainEntityOfPage\":{\"@id\":\"https:\/\/www.donizettiopera.org\/it\/torna-anche-nel-2025-il-donizetti-summer-camp\/\"},\"wordCount\":642,\"image\":{\"@id\":\"https:\/\/www.donizettiopera.org\/it\/torna-anche-nel-2025-il-donizetti-summer-camp\/#primaryimage\"},\"thumbnailUrl\":\"https:\/\/www.donizettiopera.org\/wp-content\/uploads\/2025\/06\/5.jpg\",\"articleSection\":[\"News\"],\"inLanguage\":\"it-IT\"},{\"@type\":\"WebPage\",\"@id\":\"https:\/\/www.donizettiopera.org\/it\/torna-anche-nel-2025-il-donizetti-summer-camp\/\",\"url\":\"https:\/\/www.donizettiopera.org\/it\/torna-anche-nel-2025-il-donizetti-summer-camp\/\",\"name\":\"Torna anche nel 2025 il Donizetti Summer Camp! - Donizetti Opera Festival\",\"isPartOf\":{\"@id\":\"https:\/\/www.donizettiopera.org\/it\/#website\"},\"primaryImageOfPage\":{\"@id\":\"https:\/\/www.donizettiopera.org\/it\/torna-anche-nel-2025-il-donizetti-summer-camp\/#primaryimage\"},\"image\":{\"@id\":\"https:\/\/www.donizettiopera.org\/it\/torna-anche-nel-2025-il-donizetti-summer-camp\/#primaryimage\"},\"thumbnailUrl\":\"https:\/\/www.donizettiopera.org\/wp-content\/uploads\/2025\/06\/5.jpg\",\"datePublished\":\"2025-03-28T13:56:07+00:00\",\"dateModified\":\"2025-07-14T21:03:15+00:00\",\"author\":{\"@id\":\"https:\/\/www.donizettiopera.org\/it\/#\/schema\/person\/c0d8fcfeb4e7424dd7312474c5cb218c\"},\"breadcrumb\":{\"@id\":\"https:\/\/www.donizettiopera.org\/it\/torna-anche-nel-2025-il-donizetti-summer-camp\/#breadcrumb\"},\"inLanguage\":\"it-IT\",\"potentialAction\":[{\"@type\":\"ReadAction\",\"target\":[\"https:\/\/www.donizettiopera.org\/it\/torna-anche-nel-2025-il-donizetti-summer-camp\/\"]}]},{\"@type\":\"ImageObject\",\"inLanguage\":\"it-IT\",\"@id\":\"https:\/\/www.donizettiopera.org\/it\/torna-anche-nel-2025-il-donizetti-summer-camp\/#primaryimage\",\"url\":\"https:\/\/www.donizettiopera.org\/wp-content\/uploads\/2025\/06\/5.jpg\",\"contentUrl\":\"https:\/\/www.donizettiopera.org\/wp-content\/uploads\/2025\/06\/5.jpg\",\"width\":1080,\"height\":720},{\"@type\":\"BreadcrumbList\",\"@id\":\"https:\/\/www.donizettiopera.org\/it\/torna-anche-nel-2025-il-donizetti-summer-camp\/#breadcrumb\",\"itemListElement\":[{\"@type\":\"ListItem\",\"position\":1,\"name\":\"Home\",\"item\":\"https:\/\/www.donizettiopera.org\/it\/\"},{\"@type\":\"ListItem\",\"position\":2,\"name\":\"Torna anche nel 2025 il Donizetti Summer Camp!\"}]},{\"@type\":\"WebSite\",\"@id\":\"https:\/\/www.donizettiopera.org\/it\/#website\",\"url\":\"https:\/\/www.donizettiopera.org\/it\/\",\"name\":\"Donizetti Opera Festival\",\"description\":\"Donizetti Opera Festival\",\"potentialAction\":[{\"@type\":\"SearchAction\",\"target\":{\"@type\":\"EntryPoint\",\"urlTemplate\":\"https:\/\/www.donizettiopera.org\/it\/?s={search_term_string}\"},\"query-input\":{\"@type\":\"PropertyValueSpecification\",\"valueRequired\":true,\"valueName\":\"search_term_string\"}}],\"inLanguage\":\"it-IT\"},{\"@type\":\"Person\",\"@id\":\"https:\/\/www.donizettiopera.org\/it\/#\/schema\/person\/c0d8fcfeb4e7424dd7312474c5cb218c\",\"name\":\"Demarchi\",\"image\":{\"@type\":\"ImageObject\",\"inLanguage\":\"it-IT\",\"@id\":\"https:\/\/www.donizettiopera.org\/it\/#\/schema\/person\/image\/\",\"url\":\"https:\/\/secure.gravatar.com\/avatar\/083a86b83f4c4d06af7cae39245ed5f03ef8131f020beab6ed522bf6945760cc?s=96&d=mm&r=g\",\"contentUrl\":\"https:\/\/secure.gravatar.com\/avatar\/083a86b83f4c4d06af7cae39245ed5f03ef8131f020beab6ed522bf6945760cc?s=96&d=mm&r=g\",\"caption\":\"Demarchi\"},\"sameAs\":[\"https:\/\/www.donizettiopera.org\"],\"url\":\"https:\/\/www.donizettiopera.org\/it\/author\/Demarchi\/\"}]}<\/script>\n<!-- \/ Yoast SEO plugin. -->","yoast_head_json":{"title":"Torna anche nel 2025 il Donizetti Summer Camp! - Donizetti Opera Festival","robots":{"index":"index","follow":"follow","max-snippet":"max-snippet:-1","max-image-preview":"max-image-preview:large","max-video-preview":"max-video-preview:-1"},"canonical":"https:\/\/www.donizettiopera.org\/it\/torna-anche-nel-2025-il-donizetti-summer-camp\/","og_locale":"it_IT","og_type":"article","og_title":"Torna anche nel 2025 il Donizetti Summer Camp! - Donizetti Opera Festival","og_description":"Torna anche nel 2025 il Donizetti Summer Camp! DONIZETTI SUMMER [...]","og_url":"https:\/\/www.donizettiopera.org\/it\/torna-anche-nel-2025-il-donizetti-summer-camp\/","og_site_name":"Donizetti Opera Festival","article_published_time":"2025-03-28T13:56:07+00:00","article_modified_time":"2025-07-14T21:03:15+00:00","og_image":[{"width":1080,"height":720,"url":"https:\/\/www.donizettiopera.org\/wp-content\/uploads\/2025\/06\/5.jpg","type":"image\/jpeg"}],"author":"Demarchi","twitter_card":"summary_large_image","twitter_misc":{"Scritto da":"Demarchi","Tempo di lettura stimato":"3 minuti"},"schema":{"@context":"https:\/\/schema.org","@graph":[{"@type":"Article","@id":"https:\/\/www.donizettiopera.org\/it\/torna-anche-nel-2025-il-donizetti-summer-camp\/#article","isPartOf":{"@id":"https:\/\/www.donizettiopera.org\/it\/torna-anche-nel-2025-il-donizetti-summer-camp\/"},"author":{"name":"Demarchi","@id":"https:\/\/www.donizettiopera.org\/it\/#\/schema\/person\/c0d8fcfeb4e7424dd7312474c5cb218c"},"headline":"Torna anche nel 2025 il Donizetti Summer Camp!","datePublished":"2025-03-28T13:56:07+00:00","dateModified":"2025-07-14T21:03:15+00:00","mainEntityOfPage":{"@id":"https:\/\/www.donizettiopera.org\/it\/torna-anche-nel-2025-il-donizetti-summer-camp\/"},"wordCount":642,"image":{"@id":"https:\/\/www.donizettiopera.org\/it\/torna-anche-nel-2025-il-donizetti-summer-camp\/#primaryimage"},"thumbnailUrl":"https:\/\/www.donizettiopera.org\/wp-content\/uploads\/2025\/06\/5.jpg","articleSection":["News"],"inLanguage":"it-IT"},{"@type":"WebPage","@id":"https:\/\/www.donizettiopera.org\/it\/torna-anche-nel-2025-il-donizetti-summer-camp\/","url":"https:\/\/www.donizettiopera.org\/it\/torna-anche-nel-2025-il-donizetti-summer-camp\/","name":"Torna anche nel 2025 il Donizetti Summer Camp! - Donizetti Opera Festival","isPartOf":{"@id":"https:\/\/www.donizettiopera.org\/it\/#website"},"primaryImageOfPage":{"@id":"https:\/\/www.donizettiopera.org\/it\/torna-anche-nel-2025-il-donizetti-summer-camp\/#primaryimage"},"image":{"@id":"https:\/\/www.donizettiopera.org\/it\/torna-anche-nel-2025-il-donizetti-summer-camp\/#primaryimage"},"thumbnailUrl":"https:\/\/www.donizettiopera.org\/wp-content\/uploads\/2025\/06\/5.jpg","datePublished":"2025-03-28T13:56:07+00:00","dateModified":"2025-07-14T21:03:15+00:00","author":{"@id":"https:\/\/www.donizettiopera.org\/it\/#\/schema\/person\/c0d8fcfeb4e7424dd7312474c5cb218c"},"breadcrumb":{"@id":"https:\/\/www.donizettiopera.org\/it\/torna-anche-nel-2025-il-donizetti-summer-camp\/#breadcrumb"},"inLanguage":"it-IT","potentialAction":[{"@type":"ReadAction","target":["https:\/\/www.donizettiopera.org\/it\/torna-anche-nel-2025-il-donizetti-summer-camp\/"]}]},{"@type":"ImageObject","inLanguage":"it-IT","@id":"https:\/\/www.donizettiopera.org\/it\/torna-anche-nel-2025-il-donizetti-summer-camp\/#primaryimage","url":"https:\/\/www.donizettiopera.org\/wp-content\/uploads\/2025\/06\/5.jpg","contentUrl":"https:\/\/www.donizettiopera.org\/wp-content\/uploads\/2025\/06\/5.jpg","width":1080,"height":720},{"@type":"BreadcrumbList","@id":"https:\/\/www.donizettiopera.org\/it\/torna-anche-nel-2025-il-donizetti-summer-camp\/#breadcrumb","itemListElement":[{"@type":"ListItem","position":1,"name":"Home","item":"https:\/\/www.donizettiopera.org\/it\/"},{"@type":"ListItem","position":2,"name":"Torna anche nel 2025 il Donizetti Summer Camp!"}]},{"@type":"WebSite","@id":"https:\/\/www.donizettiopera.org\/it\/#website","url":"https:\/\/www.donizettiopera.org\/it\/","name":"Donizetti Opera Festival","description":"Donizetti Opera Festival","potentialAction":[{"@type":"SearchAction","target":{"@type":"EntryPoint","urlTemplate":"https:\/\/www.donizettiopera.org\/it\/?s={search_term_string}"},"query-input":{"@type":"PropertyValueSpecification","valueRequired":true,"valueName":"search_term_string"}}],"inLanguage":"it-IT"},{"@type":"Person","@id":"https:\/\/www.donizettiopera.org\/it\/#\/schema\/person\/c0d8fcfeb4e7424dd7312474c5cb218c","name":"Demarchi","image":{"@type":"ImageObject","inLanguage":"it-IT","@id":"https:\/\/www.donizettiopera.org\/it\/#\/schema\/person\/image\/","url":"https:\/\/secure.gravatar.com\/avatar\/083a86b83f4c4d06af7cae39245ed5f03ef8131f020beab6ed522bf6945760cc?s=96&d=mm&r=g","contentUrl":"https:\/\/secure.gravatar.com\/avatar\/083a86b83f4c4d06af7cae39245ed5f03ef8131f020beab6ed522bf6945760cc?s=96&d=mm&r=g","caption":"Demarchi"},"sameAs":["https:\/\/www.donizettiopera.org"],"url":"https:\/\/www.donizettiopera.org\/it\/author\/Demarchi\/"}]}},"_links":{"self":[{"href":"https:\/\/www.donizettiopera.org\/it\/wp-json\/wp\/v2\/posts\/3914","targetHints":{"allow":["GET"]}}],"collection":[{"href":"https:\/\/www.donizettiopera.org\/it\/wp-json\/wp\/v2\/posts"}],"about":[{"href":"https:\/\/www.donizettiopera.org\/it\/wp-json\/wp\/v2\/types\/post"}],"author":[{"embeddable":true,"href":"https:\/\/www.donizettiopera.org\/it\/wp-json\/wp\/v2\/users\/1"}],"replies":[{"embeddable":true,"href":"https:\/\/www.donizettiopera.org\/it\/wp-json\/wp\/v2\/comments?post=3914"}],"version-history":[{"count":0,"href":"https:\/\/www.donizettiopera.org\/it\/wp-json\/wp\/v2\/posts\/3914\/revisions"}],"wp:featuredmedia":[{"embeddable":true,"href":"https:\/\/www.donizettiopera.org\/it\/wp-json\/wp\/v2\/media\/4161"}],"wp:attachment":[{"href":"https:\/\/www.donizettiopera.org\/it\/wp-json\/wp\/v2\/media?parent=3914"}],"wp:term":[{"taxonomy":"category","embeddable":true,"href":"https:\/\/www.donizettiopera.org\/it\/wp-json\/wp\/v2\/categories?post=3914"},{"taxonomy":"post_tag","embeddable":true,"href":"https:\/\/www.donizettiopera.org\/it\/wp-json\/wp\/v2\/tags?post=3914"}],"curies":[{"name":"wp","href":"https:\/\/api.w.org\/{rel}","templated":true}]}}