{"id":4569,"date":"2025-09-10T18:40:32","date_gmt":"2025-09-10T18:40:32","guid":{"rendered":"https:\/\/www.donizettiopera.org\/?p=4569"},"modified":"2025-09-10T19:03:00","modified_gmt":"2025-09-10T19:03:00","slug":"doppio-debutto-di-nino-machaidze-al-festival-e-nel-ruolo-di-eleonora-nel-furioso-nellisola-di-s-domingo","status":"publish","type":"post","link":"https:\/\/www.donizettiopera.org\/it\/doppio-debutto-di-nino-machaidze-al-festival-e-nel-ruolo-di-eleonora-nel-furioso-nellisola-di-s-domingo\/","title":{"rendered":"DOPPIO DEBUTTO DI NINO MACHAIDZE: AL FESTIVAL E NEL RUOLO DI ELEONORA NEL FURIOSO NELL&#8217;ISOLA DI S. DOMINGO"},"content":{"rendered":"<p><strong>Sar\u00e0 il soprano georgiano\u00a0Nino Machaidze\u00a0a interpretare Eleonora nel nuovo allestimento del Donizetti Opera de\u00a0<i>Il furioso nell\u2019isola di S. Domingo<\/i>, sostituendo la gi\u00e0 annunciata Mariangela Sicilia.<\/strong><\/p>\n<p>Nino Machaidze debutta, cos\u00ec, al festival dedicato al compositore bergamasco e nel ruolo di Eleonora. Nata a Tbilisi, \u00e8 oggi uno dei soprani pi\u00f9 brillanti con una consolidata carriera internazionale che l&#8217;ha vista calcare le scene pi\u00f9 prestigiose, come il Metropolitan di New York, la Bayerische Staatsoper di Monaco di Baviera, la Staatsoper di Berlino, il Gran Teatre del Liceu di Barcellona, il Th\u00e9\u00e2tre Royal de la Monnaie di Bruxelles, l\u2019Op\u00e9ra National de Paris, la Royal Opera House Covent Garden di Londra, la Los Angeles Opera e il Teatro alla Scala di Milano.<\/p>\n<p>Tra gli impegni recenti si ricordano\u00a0<i>Luisa Miller<\/i>\u00a0a Zurigo, Amburgo e Salisburgo,\u00a0<i>Giovanna d\u2019Arco<\/i>\u00a0a Roma,\u00a0<i>La traviata<\/i>\u00a0a Napoli, Berlino, Muscat, Bari e Siviglia,\u00a0<i>La gazza ladra\u00a0<\/i>a Vienna,\u00a0<i>Elisabetta, regina d&#8217;Inghilterra\u00a0<\/i>a Palermo,\u00a0<i>Otello\u00a0<\/i>a Francoforte,\u00a0<i>Don Carlos<\/i>\u00a0ad Amburgo,\u00a0<i>La si\u00e8ge de Corinthe<\/i>\u00a0a Pesaro,\u00a0<i>Les p\u00eacheurs de perles<\/i>\u00a0a Los Angeles,\u00a0<i>Il barbiere di Siviglia\u00a0<\/i>all\u2019Arena di Verona e ad Amsterdam,\u00a0<i>Les contes d\u2019Hoffmann<\/i>\u00a0a Napoli e Karlsruhe,\u00a0<i>Manon<\/i>\u00a0a Parigi e a Vienna,\u00a0<i>La Boh\u00e8me\u00a0<\/i>a Tokyo e Gozo.<\/p>\n","protected":false},"excerpt":{"rendered":"<p>Sar\u00e0 il soprano georgiano\u00a0Nino Machaidze\u00a0a interpretare Eleonora nel nuovo allestimento  [&#8230;]<\/p>\n","protected":false},"author":3,"featured_media":4577,"comment_status":"closed","ping_status":"open","sticky":false,"template":"","format":"standard","meta":{"footnotes":""},"categories":[37],"tags":[],"class_list":["post-4569","post","type-post","status-publish","format-standard","has-post-thumbnail","hentry","category-news"],"yoast_head":"<!-- This site is optimized with the Yoast SEO plugin v26.9 - https:\/\/yoast.com\/product\/yoast-seo-wordpress\/ -->\n<title>DOPPIO DEBUTTO DI NINO MACHAIDZE: AL FESTIVAL E NEL RUOLO DI ELEONORA NEL FURIOSO NELL&#039;ISOLA DI S. DOMINGO - Donizetti Opera Festival<\/title>\n<meta name=\"robots\" content=\"index, follow, max-snippet:-1, max-image-preview:large, max-video-preview:-1\" \/>\n<link rel=\"canonical\" href=\"https:\/\/www.donizettiopera.org\/it\/doppio-debutto-di-nino-machaidze-al-festival-e-nel-ruolo-di-eleonora-nel-furioso-nellisola-di-s-domingo\/\" \/>\n<meta property=\"og:locale\" content=\"it_IT\" \/>\n<meta property=\"og:type\" content=\"article\" \/>\n<meta property=\"og:title\" content=\"DOPPIO DEBUTTO DI NINO MACHAIDZE: AL FESTIVAL E NEL RUOLO DI ELEONORA NEL FURIOSO NELL&#039;ISOLA DI S. DOMINGO - Donizetti Opera Festival\" \/>\n<meta property=\"og:description\" content=\"Sar\u00e0 il soprano georgiano\u00a0Nino Machaidze\u00a0a interpretare Eleonora nel nuovo allestimento [...]\" \/>\n<meta property=\"og:url\" content=\"https:\/\/www.donizettiopera.org\/it\/doppio-debutto-di-nino-machaidze-al-festival-e-nel-ruolo-di-eleonora-nel-furioso-nellisola-di-s-domingo\/\" \/>\n<meta property=\"og:site_name\" content=\"Donizetti Opera Festival\" \/>\n<meta property=\"article:published_time\" content=\"2025-09-10T18:40:32+00:00\" \/>\n<meta property=\"article:modified_time\" content=\"2025-09-10T19:03:00+00:00\" \/>\n<meta property=\"og:image\" content=\"https:\/\/www.donizettiopera.org\/wp-content\/uploads\/2025\/09\/Nino-Machaidze-1.jpg\" \/>\n\t<meta property=\"og:image:width\" content=\"906\" \/>\n\t<meta property=\"og:image:height\" content=\"742\" \/>\n\t<meta property=\"og:image:type\" content=\"image\/jpeg\" \/>\n<meta name=\"author\" content=\"ramonditano\" \/>\n<meta name=\"twitter:card\" content=\"summary_large_image\" \/>\n<meta name=\"twitter:label1\" content=\"Scritto da\" \/>\n\t<meta name=\"twitter:data1\" content=\"ramonditano\" \/>\n\t<meta name=\"twitter:label2\" content=\"Tempo di lettura stimato\" \/>\n\t<meta name=\"twitter:data2\" content=\"2 minuti\" \/>\n<script type=\"application\/ld+json\" class=\"yoast-schema-graph\">{\"@context\":\"https:\/\/schema.org\",\"@graph\":[{\"@type\":\"Article\",\"@id\":\"https:\/\/www.donizettiopera.org\/it\/doppio-debutto-di-nino-machaidze-al-festival-e-nel-ruolo-di-eleonora-nel-furioso-nellisola-di-s-domingo\/#article\",\"isPartOf\":{\"@id\":\"https:\/\/www.donizettiopera.org\/it\/doppio-debutto-di-nino-machaidze-al-festival-e-nel-ruolo-di-eleonora-nel-furioso-nellisola-di-s-domingo\/\"},\"author\":{\"name\":\"ramonditano\",\"@id\":\"https:\/\/www.donizettiopera.org\/it\/#\/schema\/person\/b0060b76d65c92087e9f65c28bf14414\"},\"headline\":\"DOPPIO DEBUTTO DI NINO MACHAIDZE: AL FESTIVAL E NEL RUOLO DI ELEONORA NEL FURIOSO NELL&#8217;ISOLA DI S. DOMINGO\",\"datePublished\":\"2025-09-10T18:40:32+00:00\",\"dateModified\":\"2025-09-10T19:03:00+00:00\",\"mainEntityOfPage\":{\"@id\":\"https:\/\/www.donizettiopera.org\/it\/doppio-debutto-di-nino-machaidze-al-festival-e-nel-ruolo-di-eleonora-nel-furioso-nellisola-di-s-domingo\/\"},\"wordCount\":236,\"image\":{\"@id\":\"https:\/\/www.donizettiopera.org\/it\/doppio-debutto-di-nino-machaidze-al-festival-e-nel-ruolo-di-eleonora-nel-furioso-nellisola-di-s-domingo\/#primaryimage\"},\"thumbnailUrl\":\"https:\/\/www.donizettiopera.org\/wp-content\/uploads\/2025\/09\/Nino-Machaidze-1.jpg\",\"articleSection\":[\"News\"],\"inLanguage\":\"it-IT\"},{\"@type\":\"WebPage\",\"@id\":\"https:\/\/www.donizettiopera.org\/it\/doppio-debutto-di-nino-machaidze-al-festival-e-nel-ruolo-di-eleonora-nel-furioso-nellisola-di-s-domingo\/\",\"url\":\"https:\/\/www.donizettiopera.org\/it\/doppio-debutto-di-nino-machaidze-al-festival-e-nel-ruolo-di-eleonora-nel-furioso-nellisola-di-s-domingo\/\",\"name\":\"DOPPIO DEBUTTO DI NINO MACHAIDZE: AL FESTIVAL E NEL RUOLO DI ELEONORA NEL FURIOSO NELL'ISOLA DI S. DOMINGO - Donizetti Opera Festival\",\"isPartOf\":{\"@id\":\"https:\/\/www.donizettiopera.org\/it\/#website\"},\"primaryImageOfPage\":{\"@id\":\"https:\/\/www.donizettiopera.org\/it\/doppio-debutto-di-nino-machaidze-al-festival-e-nel-ruolo-di-eleonora-nel-furioso-nellisola-di-s-domingo\/#primaryimage\"},\"image\":{\"@id\":\"https:\/\/www.donizettiopera.org\/it\/doppio-debutto-di-nino-machaidze-al-festival-e-nel-ruolo-di-eleonora-nel-furioso-nellisola-di-s-domingo\/#primaryimage\"},\"thumbnailUrl\":\"https:\/\/www.donizettiopera.org\/wp-content\/uploads\/2025\/09\/Nino-Machaidze-1.jpg\",\"datePublished\":\"2025-09-10T18:40:32+00:00\",\"dateModified\":\"2025-09-10T19:03:00+00:00\",\"author\":{\"@id\":\"https:\/\/www.donizettiopera.org\/it\/#\/schema\/person\/b0060b76d65c92087e9f65c28bf14414\"},\"breadcrumb\":{\"@id\":\"https:\/\/www.donizettiopera.org\/it\/doppio-debutto-di-nino-machaidze-al-festival-e-nel-ruolo-di-eleonora-nel-furioso-nellisola-di-s-domingo\/#breadcrumb\"},\"inLanguage\":\"it-IT\",\"potentialAction\":[{\"@type\":\"ReadAction\",\"target\":[\"https:\/\/www.donizettiopera.org\/it\/doppio-debutto-di-nino-machaidze-al-festival-e-nel-ruolo-di-eleonora-nel-furioso-nellisola-di-s-domingo\/\"]}]},{\"@type\":\"ImageObject\",\"inLanguage\":\"it-IT\",\"@id\":\"https:\/\/www.donizettiopera.org\/it\/doppio-debutto-di-nino-machaidze-al-festival-e-nel-ruolo-di-eleonora-nel-furioso-nellisola-di-s-domingo\/#primaryimage\",\"url\":\"https:\/\/www.donizettiopera.org\/wp-content\/uploads\/2025\/09\/Nino-Machaidze-1.jpg\",\"contentUrl\":\"https:\/\/www.donizettiopera.org\/wp-content\/uploads\/2025\/09\/Nino-Machaidze-1.jpg\",\"width\":906,\"height\":742},{\"@type\":\"BreadcrumbList\",\"@id\":\"https:\/\/www.donizettiopera.org\/it\/doppio-debutto-di-nino-machaidze-al-festival-e-nel-ruolo-di-eleonora-nel-furioso-nellisola-di-s-domingo\/#breadcrumb\",\"itemListElement\":[{\"@type\":\"ListItem\",\"position\":1,\"name\":\"Home\",\"item\":\"https:\/\/www.donizettiopera.org\/it\/\"},{\"@type\":\"ListItem\",\"position\":2,\"name\":\"DOPPIO DEBUTTO DI NINO MACHAIDZE: AL FESTIVAL E NEL RUOLO DI ELEONORA NEL FURIOSO NELL&#8217;ISOLA DI S. DOMINGO\"}]},{\"@type\":\"WebSite\",\"@id\":\"https:\/\/www.donizettiopera.org\/it\/#website\",\"url\":\"https:\/\/www.donizettiopera.org\/it\/\",\"name\":\"Donizetti Opera Festival\",\"description\":\"Donizetti Opera Festival\",\"potentialAction\":[{\"@type\":\"SearchAction\",\"target\":{\"@type\":\"EntryPoint\",\"urlTemplate\":\"https:\/\/www.donizettiopera.org\/it\/?s={search_term_string}\"},\"query-input\":{\"@type\":\"PropertyValueSpecification\",\"valueRequired\":true,\"valueName\":\"search_term_string\"}}],\"inLanguage\":\"it-IT\"},{\"@type\":\"Person\",\"@id\":\"https:\/\/www.donizettiopera.org\/it\/#\/schema\/person\/b0060b76d65c92087e9f65c28bf14414\",\"name\":\"ramonditano\",\"image\":{\"@type\":\"ImageObject\",\"inLanguage\":\"it-IT\",\"@id\":\"https:\/\/www.donizettiopera.org\/it\/#\/schema\/person\/image\/\",\"url\":\"https:\/\/secure.gravatar.com\/avatar\/2104dff89f39d81d69df38c1eb89ee03c185c0ad0d555fb3a74c443b29034ff4?s=96&d=mm&r=g\",\"contentUrl\":\"https:\/\/secure.gravatar.com\/avatar\/2104dff89f39d81d69df38c1eb89ee03c185c0ad0d555fb3a74c443b29034ff4?s=96&d=mm&r=g\",\"caption\":\"ramonditano\"},\"url\":\"https:\/\/www.donizettiopera.org\/it\/author\/ramonditano\/\"}]}<\/script>\n<!-- \/ Yoast SEO plugin. -->","yoast_head_json":{"title":"DOPPIO DEBUTTO DI NINO MACHAIDZE: AL FESTIVAL E NEL RUOLO DI ELEONORA NEL FURIOSO NELL'ISOLA DI S. DOMINGO - Donizetti Opera Festival","robots":{"index":"index","follow":"follow","max-snippet":"max-snippet:-1","max-image-preview":"max-image-preview:large","max-video-preview":"max-video-preview:-1"},"canonical":"https:\/\/www.donizettiopera.org\/it\/doppio-debutto-di-nino-machaidze-al-festival-e-nel-ruolo-di-eleonora-nel-furioso-nellisola-di-s-domingo\/","og_locale":"it_IT","og_type":"article","og_title":"DOPPIO DEBUTTO DI NINO MACHAIDZE: AL FESTIVAL E NEL RUOLO DI ELEONORA NEL FURIOSO NELL'ISOLA DI S. DOMINGO - Donizetti Opera Festival","og_description":"Sar\u00e0 il soprano georgiano\u00a0Nino Machaidze\u00a0a interpretare Eleonora nel nuovo allestimento [...]","og_url":"https:\/\/www.donizettiopera.org\/it\/doppio-debutto-di-nino-machaidze-al-festival-e-nel-ruolo-di-eleonora-nel-furioso-nellisola-di-s-domingo\/","og_site_name":"Donizetti Opera Festival","article_published_time":"2025-09-10T18:40:32+00:00","article_modified_time":"2025-09-10T19:03:00+00:00","og_image":[{"width":906,"height":742,"url":"https:\/\/www.donizettiopera.org\/wp-content\/uploads\/2025\/09\/Nino-Machaidze-1.jpg","type":"image\/jpeg"}],"author":"ramonditano","twitter_card":"summary_large_image","twitter_misc":{"Scritto da":"ramonditano","Tempo di lettura stimato":"2 minuti"},"schema":{"@context":"https:\/\/schema.org","@graph":[{"@type":"Article","@id":"https:\/\/www.donizettiopera.org\/it\/doppio-debutto-di-nino-machaidze-al-festival-e-nel-ruolo-di-eleonora-nel-furioso-nellisola-di-s-domingo\/#article","isPartOf":{"@id":"https:\/\/www.donizettiopera.org\/it\/doppio-debutto-di-nino-machaidze-al-festival-e-nel-ruolo-di-eleonora-nel-furioso-nellisola-di-s-domingo\/"},"author":{"name":"ramonditano","@id":"https:\/\/www.donizettiopera.org\/it\/#\/schema\/person\/b0060b76d65c92087e9f65c28bf14414"},"headline":"DOPPIO DEBUTTO DI NINO MACHAIDZE: AL FESTIVAL E NEL RUOLO DI ELEONORA NEL FURIOSO NELL&#8217;ISOLA DI S. DOMINGO","datePublished":"2025-09-10T18:40:32+00:00","dateModified":"2025-09-10T19:03:00+00:00","mainEntityOfPage":{"@id":"https:\/\/www.donizettiopera.org\/it\/doppio-debutto-di-nino-machaidze-al-festival-e-nel-ruolo-di-eleonora-nel-furioso-nellisola-di-s-domingo\/"},"wordCount":236,"image":{"@id":"https:\/\/www.donizettiopera.org\/it\/doppio-debutto-di-nino-machaidze-al-festival-e-nel-ruolo-di-eleonora-nel-furioso-nellisola-di-s-domingo\/#primaryimage"},"thumbnailUrl":"https:\/\/www.donizettiopera.org\/wp-content\/uploads\/2025\/09\/Nino-Machaidze-1.jpg","articleSection":["News"],"inLanguage":"it-IT"},{"@type":"WebPage","@id":"https:\/\/www.donizettiopera.org\/it\/doppio-debutto-di-nino-machaidze-al-festival-e-nel-ruolo-di-eleonora-nel-furioso-nellisola-di-s-domingo\/","url":"https:\/\/www.donizettiopera.org\/it\/doppio-debutto-di-nino-machaidze-al-festival-e-nel-ruolo-di-eleonora-nel-furioso-nellisola-di-s-domingo\/","name":"DOPPIO DEBUTTO DI NINO MACHAIDZE: AL FESTIVAL E NEL RUOLO DI ELEONORA NEL FURIOSO NELL'ISOLA DI S. DOMINGO - Donizetti Opera Festival","isPartOf":{"@id":"https:\/\/www.donizettiopera.org\/it\/#website"},"primaryImageOfPage":{"@id":"https:\/\/www.donizettiopera.org\/it\/doppio-debutto-di-nino-machaidze-al-festival-e-nel-ruolo-di-eleonora-nel-furioso-nellisola-di-s-domingo\/#primaryimage"},"image":{"@id":"https:\/\/www.donizettiopera.org\/it\/doppio-debutto-di-nino-machaidze-al-festival-e-nel-ruolo-di-eleonora-nel-furioso-nellisola-di-s-domingo\/#primaryimage"},"thumbnailUrl":"https:\/\/www.donizettiopera.org\/wp-content\/uploads\/2025\/09\/Nino-Machaidze-1.jpg","datePublished":"2025-09-10T18:40:32+00:00","dateModified":"2025-09-10T19:03:00+00:00","author":{"@id":"https:\/\/www.donizettiopera.org\/it\/#\/schema\/person\/b0060b76d65c92087e9f65c28bf14414"},"breadcrumb":{"@id":"https:\/\/www.donizettiopera.org\/it\/doppio-debutto-di-nino-machaidze-al-festival-e-nel-ruolo-di-eleonora-nel-furioso-nellisola-di-s-domingo\/#breadcrumb"},"inLanguage":"it-IT","potentialAction":[{"@type":"ReadAction","target":["https:\/\/www.donizettiopera.org\/it\/doppio-debutto-di-nino-machaidze-al-festival-e-nel-ruolo-di-eleonora-nel-furioso-nellisola-di-s-domingo\/"]}]},{"@type":"ImageObject","inLanguage":"it-IT","@id":"https:\/\/www.donizettiopera.org\/it\/doppio-debutto-di-nino-machaidze-al-festival-e-nel-ruolo-di-eleonora-nel-furioso-nellisola-di-s-domingo\/#primaryimage","url":"https:\/\/www.donizettiopera.org\/wp-content\/uploads\/2025\/09\/Nino-Machaidze-1.jpg","contentUrl":"https:\/\/www.donizettiopera.org\/wp-content\/uploads\/2025\/09\/Nino-Machaidze-1.jpg","width":906,"height":742},{"@type":"BreadcrumbList","@id":"https:\/\/www.donizettiopera.org\/it\/doppio-debutto-di-nino-machaidze-al-festival-e-nel-ruolo-di-eleonora-nel-furioso-nellisola-di-s-domingo\/#breadcrumb","itemListElement":[{"@type":"ListItem","position":1,"name":"Home","item":"https:\/\/www.donizettiopera.org\/it\/"},{"@type":"ListItem","position":2,"name":"DOPPIO DEBUTTO DI NINO MACHAIDZE: AL FESTIVAL E NEL RUOLO DI ELEONORA NEL FURIOSO NELL&#8217;ISOLA DI S. DOMINGO"}]},{"@type":"WebSite","@id":"https:\/\/www.donizettiopera.org\/it\/#website","url":"https:\/\/www.donizettiopera.org\/it\/","name":"Donizetti Opera Festival","description":"Donizetti Opera Festival","potentialAction":[{"@type":"SearchAction","target":{"@type":"EntryPoint","urlTemplate":"https:\/\/www.donizettiopera.org\/it\/?s={search_term_string}"},"query-input":{"@type":"PropertyValueSpecification","valueRequired":true,"valueName":"search_term_string"}}],"inLanguage":"it-IT"},{"@type":"Person","@id":"https:\/\/www.donizettiopera.org\/it\/#\/schema\/person\/b0060b76d65c92087e9f65c28bf14414","name":"ramonditano","image":{"@type":"ImageObject","inLanguage":"it-IT","@id":"https:\/\/www.donizettiopera.org\/it\/#\/schema\/person\/image\/","url":"https:\/\/secure.gravatar.com\/avatar\/2104dff89f39d81d69df38c1eb89ee03c185c0ad0d555fb3a74c443b29034ff4?s=96&d=mm&r=g","contentUrl":"https:\/\/secure.gravatar.com\/avatar\/2104dff89f39d81d69df38c1eb89ee03c185c0ad0d555fb3a74c443b29034ff4?s=96&d=mm&r=g","caption":"ramonditano"},"url":"https:\/\/www.donizettiopera.org\/it\/author\/ramonditano\/"}]}},"_links":{"self":[{"href":"https:\/\/www.donizettiopera.org\/it\/wp-json\/wp\/v2\/posts\/4569","targetHints":{"allow":["GET"]}}],"collection":[{"href":"https:\/\/www.donizettiopera.org\/it\/wp-json\/wp\/v2\/posts"}],"about":[{"href":"https:\/\/www.donizettiopera.org\/it\/wp-json\/wp\/v2\/types\/post"}],"author":[{"embeddable":true,"href":"https:\/\/www.donizettiopera.org\/it\/wp-json\/wp\/v2\/users\/3"}],"replies":[{"embeddable":true,"href":"https:\/\/www.donizettiopera.org\/it\/wp-json\/wp\/v2\/comments?post=4569"}],"version-history":[{"count":0,"href":"https:\/\/www.donizettiopera.org\/it\/wp-json\/wp\/v2\/posts\/4569\/revisions"}],"wp:featuredmedia":[{"embeddable":true,"href":"https:\/\/www.donizettiopera.org\/it\/wp-json\/wp\/v2\/media\/4577"}],"wp:attachment":[{"href":"https:\/\/www.donizettiopera.org\/it\/wp-json\/wp\/v2\/media?parent=4569"}],"wp:term":[{"taxonomy":"category","embeddable":true,"href":"https:\/\/www.donizettiopera.org\/it\/wp-json\/wp\/v2\/categories?post=4569"},{"taxonomy":"post_tag","embeddable":true,"href":"https:\/\/www.donizettiopera.org\/it\/wp-json\/wp\/v2\/tags?post=4569"}],"curies":[{"name":"wp","href":"https:\/\/api.w.org\/{rel}","templated":true}]}}