{"id":5769,"date":"2026-08-29T16:48:30","date_gmt":"2026-08-29T14:48:30","guid":{"rendered":"https:\/\/www.donizettiopera.org\/?p=5769"},"modified":"2026-08-29T19:59:57","modified_gmt":"2026-08-29T17:59:57","slug":"addio-ad-antonino-fogliani","status":"publish","type":"post","link":"https:\/\/www.donizettiopera.org\/it\/addio-ad-antonino-fogliani\/","title":{"rendered":"IL DONIZETTI OPERA RICORDA IL M\u00b0 ANTONINO FOGLIANI"},"content":{"rendered":"<div class=\"fusion-fullwidth fullwidth-box fusion-builder-row-1 fusion-flex-container nonhundred-percent-fullwidth non-hundred-percent-height-scrolling\" style=\"--awb-border-radius-top-left:0px;--awb-border-radius-top-right:0px;--awb-border-radius-bottom-right:0px;--awb-border-radius-bottom-left:0px;--awb-flex-wrap:wrap;\" ><div class=\"fusion-builder-row fusion-row fusion-flex-align-items-flex-start fusion-flex-content-wrap\" style=\"max-width:1248px;margin-left: calc(-4% \/ 2 );margin-right: calc(-4% \/ 2 );\"><div class=\"fusion-layout-column fusion_builder_column fusion-builder-column-0 fusion_builder_column_1_1 1_1 fusion-flex-column\" style=\"--awb-bg-size:cover;--awb-width-large:100%;--awb-margin-top-large:0px;--awb-spacing-right-large:1.92%;--awb-margin-bottom-large:0px;--awb-spacing-left-large:1.92%;--awb-width-medium:100%;--awb-spacing-right-medium:1.92%;--awb-spacing-left-medium:1.92%;--awb-width-small:100%;--awb-spacing-right-small:1.92%;--awb-spacing-left-small:1.92%;\"><div class=\"fusion-column-wrapper fusion-flex-justify-content-flex-start fusion-content-layout-column\"><div class=\"fusion-text fusion-text-1\"><p>La Fondazione Teatro Donizetti comunica con profondo dolore la notizia della scomparsa del Maestro <strong>Antonino Fogliani<\/strong>, direttore d\u2019orchestra che avrebbe dovuto guidare l\u2019Orchestra Donizetti Opera nell\u2019esecuzione de <em>L\u2019esule di Roma<\/em>, il titolo inaugurale dell\u2019edizione 2026 del festival Donizetti Opera.<\/p>\n<p>\u00abCon Antonino se ne va un collega e un amico, prima ancora che un grande direttore d\u2019orchestra\u00bb dichiara il direttore artistico e musicale Riccardo Frizza. \u00abCi legava un rapporto che viene da lontano, dagli anni di formazione trascorsi all\u2019Accademia Musicale Chigiana di Siena, alla scuola di Gianluigi Gelmetti, durante i quali abbiamo condiviso molto e che hanno lasciato un segno profondo nel modo in cui entrambi abbiamo poi guardato a questo mestiere. Lo ricordo per la sua sensibilit\u00e0 musicale rara, per il rigore e insieme la generosit\u00e0 con cui si \u00e8 sempre messo al servizio delle partiture che dirigeva, e per l\u2019entusiasmo con cui aveva accolto l\u2019invito a debuttare quest\u2019anno al Donizetti Opera. Ci mancher\u00e0 profondamente, come artista e come persona, e il nostro pensiero va ora alla moglie Angelica e al figlio Lorenzo\u00bb.<\/p>\n<p>Nato a Messina nel 1976, Antonino Fogliani si \u00e8 diplomato in Direzione d\u2019orchestra al Conservatorio \u201cG. Verdi\u201d di Milano, per poi perfezionarsi all\u2019Accademia Musicale Chigiana di Siena con Gianluigi Gelmetti. Principal Guest Conductor della Deutsche Oper am Rhein dal 2017 e Direttore musicale del Festival Rossini in Wildbad dal 2012, Antonino Fogliani si \u00e8 affermato rapidamente sulla scena internazionale come uno dei musicisti pi\u00f9 apprezzati della sua generazione. Dopo il debutto acclamato al Rossini Opera Festival di Pesaro nel 2001 con <em>Il viaggio a Reims<\/em>, \u00e8 salito sul podio dei pi\u00f9 importanti teatri d\u2019opera del mondo e di prestigiose orchestre, tra cui l\u2019Orchestra Nazionale dell\u2019Accademia di Santa Cecilia, l\u2019Orchestre Philharmonique de Monte-Carlo, la D\u00fcsseldorfer Symphoniker, la G\u00fcrzenich-Orchester K\u00f6ln e la W\u00fcrttembergische Philharmonie di Reutlingen.<\/p>\n<p>Laureato in Discipline musicali all\u2019Universit\u00e0 di Bologna, si \u00e8 diplomato in pianoforte al Conservatorio di Bologna e in direzione d\u2019orchestra al Conservatorio di Milano, perfezionandosi all&#8217;Accademia Chigiana di Siena con Franco Donadoni ed Ennio Morricone. L\u2018incontro con Gianluigi Gelmetti nel 1997 ha segnato una svolta decisiva nella sua carriera.<\/p>\n<p>Ricopriva la cattedra di Direzione d\u2019orchestra al Conservatorio &#8220;A. Scarlatti&#8221; di Palermo. Nel 2018 il Presidente Sergio Mattarella gli ha conferito il titolo onorifico di Ufficiale dell\u2019Ordine al merito della Repubblica italiana.<\/p>\n<\/div><div class=\"fusion-separator fusion-full-width-sep\" style=\"align-self: center;margin-left: auto;margin-right: auto;margin-top:10px;width:100%;\"><\/div><div class=\"fusion-separator fusion-full-width-sep\" style=\"align-self: center;margin-left: auto;margin-right: auto;margin-top:10px;width:100%;\"><\/div><\/div><\/div><\/div><\/div>\n","protected":false},"excerpt":{"rendered":"","protected":false},"author":3,"featured_media":5768,"comment_status":"closed","ping_status":"open","sticky":false,"template":"","format":"standard","meta":{"_acf_changed":false,"footnotes":""},"categories":[37],"tags":[],"class_list":["post-5769","post","type-post","status-publish","format-standard","has-post-thumbnail","hentry","category-news"],"acf":[],"yoast_head":"<!-- This site is optimized with the Yoast SEO plugin v26.9 - https:\/\/yoast.com\/product\/yoast-seo-wordpress\/ -->\n<title>IL DONIZETTI OPERA RICORDA IL M\u00b0 ANTONINO FOGLIANI - Donizetti Opera Festival<\/title>\n<meta name=\"robots\" content=\"index, follow, max-snippet:-1, max-image-preview:large, max-video-preview:-1\" \/>\n<link rel=\"canonical\" href=\"https:\/\/www.donizettiopera.org\/it\/addio-ad-antonino-fogliani\/\" \/>\n<meta property=\"og:locale\" content=\"it_IT\" \/>\n<meta property=\"og:type\" content=\"article\" \/>\n<meta property=\"og:title\" content=\"IL DONIZETTI OPERA RICORDA IL M\u00b0 ANTONINO FOGLIANI - Donizetti Opera Festival\" \/>\n<meta property=\"og:url\" content=\"https:\/\/www.donizettiopera.org\/it\/addio-ad-antonino-fogliani\/\" \/>\n<meta property=\"og:site_name\" content=\"Donizetti Opera Festival\" \/>\n<meta property=\"article:published_time\" content=\"2026-08-29T14:48:30+00:00\" \/>\n<meta property=\"article:modified_time\" content=\"2026-08-29T17:59:57+00:00\" \/>\n<meta name=\"author\" content=\"ramonditano\" \/>\n<meta name=\"twitter:card\" content=\"summary_large_image\" \/>\n<meta name=\"twitter:label1\" content=\"Scritto da\" \/>\n\t<meta name=\"twitter:data1\" content=\"ramonditano\" \/>\n\t<meta name=\"twitter:label2\" content=\"Tempo di lettura stimato\" \/>\n\t<meta name=\"twitter:data2\" content=\"3 minuti\" \/>\n<script type=\"application\/ld+json\" class=\"yoast-schema-graph\">{\"@context\":\"https:\/\/schema.org\",\"@graph\":[{\"@type\":\"Article\",\"@id\":\"https:\/\/www.donizettiopera.org\/it\/addio-ad-antonino-fogliani\/#article\",\"isPartOf\":{\"@id\":\"https:\/\/www.donizettiopera.org\/it\/addio-ad-antonino-fogliani\/\"},\"author\":{\"name\":\"ramonditano\",\"@id\":\"https:\/\/www.donizettiopera.org\/it\/#\/schema\/person\/b0060b76d65c92087e9f65c28bf14414\"},\"headline\":\"IL DONIZETTI OPERA RICORDA IL M\u00b0 ANTONINO FOGLIANI\",\"datePublished\":\"2026-08-29T14:48:30+00:00\",\"dateModified\":\"2026-08-29T17:59:57+00:00\",\"mainEntityOfPage\":{\"@id\":\"https:\/\/www.donizettiopera.org\/it\/addio-ad-antonino-fogliani\/\"},\"wordCount\":803,\"image\":{\"@id\":\"https:\/\/www.donizettiopera.org\/it\/addio-ad-antonino-fogliani\/#primaryimage\"},\"thumbnailUrl\":\"https:\/\/www.donizettiopera.org\/wp-content\/uploads\/2026\/08\/Antonino-Fogliani_ph.Operabase.avif\",\"articleSection\":[\"News\"],\"inLanguage\":\"it-IT\"},{\"@type\":\"WebPage\",\"@id\":\"https:\/\/www.donizettiopera.org\/it\/addio-ad-antonino-fogliani\/\",\"url\":\"https:\/\/www.donizettiopera.org\/it\/addio-ad-antonino-fogliani\/\",\"name\":\"IL DONIZETTI OPERA RICORDA IL M\u00b0 ANTONINO FOGLIANI - Donizetti Opera Festival\",\"isPartOf\":{\"@id\":\"https:\/\/www.donizettiopera.org\/it\/#website\"},\"primaryImageOfPage\":{\"@id\":\"https:\/\/www.donizettiopera.org\/it\/addio-ad-antonino-fogliani\/#primaryimage\"},\"image\":{\"@id\":\"https:\/\/www.donizettiopera.org\/it\/addio-ad-antonino-fogliani\/#primaryimage\"},\"thumbnailUrl\":\"https:\/\/www.donizettiopera.org\/wp-content\/uploads\/2026\/08\/Antonino-Fogliani_ph.Operabase.avif\",\"datePublished\":\"2026-08-29T14:48:30+00:00\",\"dateModified\":\"2026-08-29T17:59:57+00:00\",\"author\":{\"@id\":\"https:\/\/www.donizettiopera.org\/it\/#\/schema\/person\/b0060b76d65c92087e9f65c28bf14414\"},\"breadcrumb\":{\"@id\":\"https:\/\/www.donizettiopera.org\/it\/addio-ad-antonino-fogliani\/#breadcrumb\"},\"inLanguage\":\"it-IT\",\"potentialAction\":[{\"@type\":\"ReadAction\",\"target\":[\"https:\/\/www.donizettiopera.org\/it\/addio-ad-antonino-fogliani\/\"]}]},{\"@type\":\"ImageObject\",\"inLanguage\":\"it-IT\",\"@id\":\"https:\/\/www.donizettiopera.org\/it\/addio-ad-antonino-fogliani\/#primaryimage\",\"url\":\"https:\/\/www.donizettiopera.org\/wp-content\/uploads\/2026\/08\/Antonino-Fogliani_ph.Operabase.avif\",\"contentUrl\":\"https:\/\/www.donizettiopera.org\/wp-content\/uploads\/2026\/08\/Antonino-Fogliani_ph.Operabase.avif\",\"width\":1024,\"height\":1024,\"caption\":\"Antonino Fogliani - ritratto\"},{\"@type\":\"BreadcrumbList\",\"@id\":\"https:\/\/www.donizettiopera.org\/it\/addio-ad-antonino-fogliani\/#breadcrumb\",\"itemListElement\":[{\"@type\":\"ListItem\",\"position\":1,\"name\":\"Home\",\"item\":\"https:\/\/www.donizettiopera.org\/it\/\"},{\"@type\":\"ListItem\",\"position\":2,\"name\":\"IL DONIZETTI OPERA RICORDA IL M\u00b0 ANTONINO FOGLIANI\"}]},{\"@type\":\"WebSite\",\"@id\":\"https:\/\/www.donizettiopera.org\/it\/#website\",\"url\":\"https:\/\/www.donizettiopera.org\/it\/\",\"name\":\"Donizetti Opera Festival\",\"description\":\"Donizetti Opera Festival\",\"potentialAction\":[{\"@type\":\"SearchAction\",\"target\":{\"@type\":\"EntryPoint\",\"urlTemplate\":\"https:\/\/www.donizettiopera.org\/it\/?s={search_term_string}\"},\"query-input\":{\"@type\":\"PropertyValueSpecification\",\"valueRequired\":true,\"valueName\":\"search_term_string\"}}],\"inLanguage\":\"it-IT\"},{\"@type\":\"Person\",\"@id\":\"https:\/\/www.donizettiopera.org\/it\/#\/schema\/person\/b0060b76d65c92087e9f65c28bf14414\",\"name\":\"ramonditano\",\"image\":{\"@type\":\"ImageObject\",\"inLanguage\":\"it-IT\",\"@id\":\"https:\/\/www.donizettiopera.org\/it\/#\/schema\/person\/image\/\",\"url\":\"https:\/\/secure.gravatar.com\/avatar\/2104dff89f39d81d69df38c1eb89ee03c185c0ad0d555fb3a74c443b29034ff4?s=96&d=mm&r=g\",\"contentUrl\":\"https:\/\/secure.gravatar.com\/avatar\/2104dff89f39d81d69df38c1eb89ee03c185c0ad0d555fb3a74c443b29034ff4?s=96&d=mm&r=g\",\"caption\":\"ramonditano\"},\"url\":\"https:\/\/www.donizettiopera.org\/it\/author\/ramonditano\/\"}]}<\/script>\n<!-- \/ Yoast SEO plugin. -->","yoast_head_json":{"title":"IL DONIZETTI OPERA RICORDA IL M\u00b0 ANTONINO FOGLIANI - Donizetti Opera Festival","robots":{"index":"index","follow":"follow","max-snippet":"max-snippet:-1","max-image-preview":"max-image-preview:large","max-video-preview":"max-video-preview:-1"},"canonical":"https:\/\/www.donizettiopera.org\/it\/addio-ad-antonino-fogliani\/","og_locale":"it_IT","og_type":"article","og_title":"IL DONIZETTI OPERA RICORDA IL M\u00b0 ANTONINO FOGLIANI - Donizetti Opera Festival","og_url":"https:\/\/www.donizettiopera.org\/it\/addio-ad-antonino-fogliani\/","og_site_name":"Donizetti Opera Festival","article_published_time":"2026-08-29T14:48:30+00:00","article_modified_time":"2026-08-29T17:59:57+00:00","author":"ramonditano","twitter_card":"summary_large_image","twitter_misc":{"Scritto da":"ramonditano","Tempo di lettura stimato":"3 minuti"},"schema":{"@context":"https:\/\/schema.org","@graph":[{"@type":"Article","@id":"https:\/\/www.donizettiopera.org\/it\/addio-ad-antonino-fogliani\/#article","isPartOf":{"@id":"https:\/\/www.donizettiopera.org\/it\/addio-ad-antonino-fogliani\/"},"author":{"name":"ramonditano","@id":"https:\/\/www.donizettiopera.org\/it\/#\/schema\/person\/b0060b76d65c92087e9f65c28bf14414"},"headline":"IL DONIZETTI OPERA RICORDA IL M\u00b0 ANTONINO FOGLIANI","datePublished":"2026-08-29T14:48:30+00:00","dateModified":"2026-08-29T17:59:57+00:00","mainEntityOfPage":{"@id":"https:\/\/www.donizettiopera.org\/it\/addio-ad-antonino-fogliani\/"},"wordCount":803,"image":{"@id":"https:\/\/www.donizettiopera.org\/it\/addio-ad-antonino-fogliani\/#primaryimage"},"thumbnailUrl":"https:\/\/www.donizettiopera.org\/wp-content\/uploads\/2026\/08\/Antonino-Fogliani_ph.Operabase.avif","articleSection":["News"],"inLanguage":"it-IT"},{"@type":"WebPage","@id":"https:\/\/www.donizettiopera.org\/it\/addio-ad-antonino-fogliani\/","url":"https:\/\/www.donizettiopera.org\/it\/addio-ad-antonino-fogliani\/","name":"IL DONIZETTI OPERA RICORDA IL M\u00b0 ANTONINO FOGLIANI - Donizetti Opera Festival","isPartOf":{"@id":"https:\/\/www.donizettiopera.org\/it\/#website"},"primaryImageOfPage":{"@id":"https:\/\/www.donizettiopera.org\/it\/addio-ad-antonino-fogliani\/#primaryimage"},"image":{"@id":"https:\/\/www.donizettiopera.org\/it\/addio-ad-antonino-fogliani\/#primaryimage"},"thumbnailUrl":"https:\/\/www.donizettiopera.org\/wp-content\/uploads\/2026\/08\/Antonino-Fogliani_ph.Operabase.avif","datePublished":"2026-08-29T14:48:30+00:00","dateModified":"2026-08-29T17:59:57+00:00","author":{"@id":"https:\/\/www.donizettiopera.org\/it\/#\/schema\/person\/b0060b76d65c92087e9f65c28bf14414"},"breadcrumb":{"@id":"https:\/\/www.donizettiopera.org\/it\/addio-ad-antonino-fogliani\/#breadcrumb"},"inLanguage":"it-IT","potentialAction":[{"@type":"ReadAction","target":["https:\/\/www.donizettiopera.org\/it\/addio-ad-antonino-fogliani\/"]}]},{"@type":"ImageObject","inLanguage":"it-IT","@id":"https:\/\/www.donizettiopera.org\/it\/addio-ad-antonino-fogliani\/#primaryimage","url":"https:\/\/www.donizettiopera.org\/wp-content\/uploads\/2026\/08\/Antonino-Fogliani_ph.Operabase.avif","contentUrl":"https:\/\/www.donizettiopera.org\/wp-content\/uploads\/2026\/08\/Antonino-Fogliani_ph.Operabase.avif","width":1024,"height":1024,"caption":"Antonino Fogliani - ritratto"},{"@type":"BreadcrumbList","@id":"https:\/\/www.donizettiopera.org\/it\/addio-ad-antonino-fogliani\/#breadcrumb","itemListElement":[{"@type":"ListItem","position":1,"name":"Home","item":"https:\/\/www.donizettiopera.org\/it\/"},{"@type":"ListItem","position":2,"name":"IL DONIZETTI OPERA RICORDA IL M\u00b0 ANTONINO FOGLIANI"}]},{"@type":"WebSite","@id":"https:\/\/www.donizettiopera.org\/it\/#website","url":"https:\/\/www.donizettiopera.org\/it\/","name":"Donizetti Opera Festival","description":"Donizetti Opera Festival","potentialAction":[{"@type":"SearchAction","target":{"@type":"EntryPoint","urlTemplate":"https:\/\/www.donizettiopera.org\/it\/?s={search_term_string}"},"query-input":{"@type":"PropertyValueSpecification","valueRequired":true,"valueName":"search_term_string"}}],"inLanguage":"it-IT"},{"@type":"Person","@id":"https:\/\/www.donizettiopera.org\/it\/#\/schema\/person\/b0060b76d65c92087e9f65c28bf14414","name":"ramonditano","image":{"@type":"ImageObject","inLanguage":"it-IT","@id":"https:\/\/www.donizettiopera.org\/it\/#\/schema\/person\/image\/","url":"https:\/\/secure.gravatar.com\/avatar\/2104dff89f39d81d69df38c1eb89ee03c185c0ad0d555fb3a74c443b29034ff4?s=96&d=mm&r=g","contentUrl":"https:\/\/secure.gravatar.com\/avatar\/2104dff89f39d81d69df38c1eb89ee03c185c0ad0d555fb3a74c443b29034ff4?s=96&d=mm&r=g","caption":"ramonditano"},"url":"https:\/\/www.donizettiopera.org\/it\/author\/ramonditano\/"}]}},"_links":{"self":[{"href":"https:\/\/www.donizettiopera.org\/it\/wp-json\/wp\/v2\/posts\/5769","targetHints":{"allow":["GET"]}}],"collection":[{"href":"https:\/\/www.donizettiopera.org\/it\/wp-json\/wp\/v2\/posts"}],"about":[{"href":"https:\/\/www.donizettiopera.org\/it\/wp-json\/wp\/v2\/types\/post"}],"author":[{"embeddable":true,"href":"https:\/\/www.donizettiopera.org\/it\/wp-json\/wp\/v2\/users\/3"}],"replies":[{"embeddable":true,"href":"https:\/\/www.donizettiopera.org\/it\/wp-json\/wp\/v2\/comments?post=5769"}],"version-history":[{"count":3,"href":"https:\/\/www.donizettiopera.org\/it\/wp-json\/wp\/v2\/posts\/5769\/revisions"}],"predecessor-version":[{"id":5779,"href":"https:\/\/www.donizettiopera.org\/it\/wp-json\/wp\/v2\/posts\/5769\/revisions\/5779"}],"wp:featuredmedia":[{"embeddable":true,"href":"https:\/\/www.donizettiopera.org\/it\/wp-json\/wp\/v2\/media\/5768"}],"wp:attachment":[{"href":"https:\/\/www.donizettiopera.org\/it\/wp-json\/wp\/v2\/media?parent=5769"}],"wp:term":[{"taxonomy":"category","embeddable":true,"href":"https:\/\/www.donizettiopera.org\/it\/wp-json\/wp\/v2\/categories?post=5769"},{"taxonomy":"post_tag","embeddable":true,"href":"https:\/\/www.donizettiopera.org\/it\/wp-json\/wp\/v2\/tags?post=5769"}],"curies":[{"name":"wp","href":"https:\/\/api.w.org\/{rel}","templated":true}]}}